{"id":1933,"date":"2025-12-19T10:00:00","date_gmt":"2025-12-19T09:00:00","guid":{"rendered":"https:\/\/agora.xtec.cat\/ietramuntana\/?p=1933"},"modified":"2025-12-18T21:36:51","modified_gmt":"2025-12-18T20:36:51","slug":"1933","status":"publish","type":"post","link":"https:\/\/agora.xtec.cat\/ietramuntana\/general\/1933\/","title":{"rendered":"Un concert que tanca un trimestre"},"content":{"rendered":"\n<p>A finals del primer trimestre, l\u2019Escola Institut s\u2019omple de m\u00fasica, emocions i somriures amb el tradicional concert d\u2019hivern de l\u2019alumnat de Prim\u00e0ria. Darrere d\u2019aquest moment tan especial hi ha setmanes de preparaci\u00f3, assajos constants i molta il\u00b7lusi\u00f3 per part dels infants i del professorat.<\/p>\n\n\n\n<p>El concert \u00e9s el resultat de l\u2019esfor\u00e7 i el treball en equip: aprendre can\u00e7ons, coordinar veus, perdre la vergonya davant del p\u00fablic i compartir l\u2019escenari amb els companys i companyes. Cada nota interpretada reflecteix la dedicaci\u00f3 i el creixement personal dels nens i nenes, que viuen l\u2019experi\u00e8ncia amb entusiasme i orgull.<\/p>\n\n\n\n<p>Per a les fam\u00edlies, aquest concert \u00e9s molt m\u00e9s que una actuaci\u00f3 musical. \u00c9s un moment per crear records bonics, retrobar-se, emocionar-se i veure com els infants evolucionen any rere any. La m\u00fasica es converteix aix\u00ed en un fil conductor que uneix generacions i refor\u00e7a el sentiment de comunitat educativa.<\/p>\n\n\n\n<p>El concert d\u2019hivern \u00e9s ja una tradici\u00f3 que alegra cors, omple l\u2019escola de vida i recorda la import\u00e0ncia de compartir moments que quedaran per sempre en la mem\u00f2ria.<\/p>\n\n\n\n<figure class=\"wp-block-image aligncenter size-large is-resized\"><a href=\"https:\/\/agora.xtec.cat\/ietramuntana\/wp-content\/uploads\/usu3053\/2025\/12\/IMG-20251218-WA0008-1.jpg\"><img loading=\"lazy\" decoding=\"async\" width=\"1024\" height=\"576\" src=\"https:\/\/agora.xtec.cat\/ietramuntana\/wp-content\/uploads\/usu3053\/2025\/12\/IMG-20251218-WA0008-1-1024x576.jpg\" alt=\"\" class=\"wp-image-1934\" style=\"width:964px;height:auto\" srcset=\"https:\/\/agora.xtec.cat\/ietramuntana\/wp-content\/uploads\/usu3053\/2025\/12\/IMG-20251218-WA0008-1-1024x576.jpg 1024w, https:\/\/agora.xtec.cat\/ietramuntana\/wp-content\/uploads\/usu3053\/2025\/12\/IMG-20251218-WA0008-1-300x169.jpg 300w, https:\/\/agora.xtec.cat\/ietramuntana\/wp-content\/uploads\/usu3053\/2025\/12\/IMG-20251218-WA0008-1-768x432.jpg 768w, https:\/\/agora.xtec.cat\/ietramuntana\/wp-content\/uploads\/usu3053\/2025\/12\/IMG-20251218-WA0008-1-1536x864.jpg 1536w, https:\/\/agora.xtec.cat\/ietramuntana\/wp-content\/uploads\/usu3053\/2025\/12\/IMG-20251218-WA0008-1.jpg 1600w\" sizes=\"auto, (max-width: 1024px) 100vw, 1024px\" \/><\/a><\/figure>\n","protected":false},"excerpt":{"rendered":"<p>A finals del primer trimestre, l\u2019Escola Institut s\u2019omple de m\u00fasica, emocions i somriures amb el tradicional concert d\u2019hivern de l\u2019alumnat de Prim\u00e0ria. Darrere d\u2019aquest moment tan especial hi ha setmanes de preparaci\u00f3, assajos constants i molta il\u00b7lusi\u00f3 per part dels infants i del professorat. El concert \u00e9s el resultat de l\u2019esfor\u00e7 i el treball en [&hellip;]<\/p>\n","protected":false},"author":5,"featured_media":1934,"comment_status":"open","ping_status":"open","sticky":false,"template":"","format":"standard","meta":{"site-sidebar-layout":"default","site-content-layout":"","ast-site-content-layout":"default","site-content-style":"default","site-sidebar-style":"default","ast-global-header-display":"","ast-banner-title-visibility":"","ast-main-header-display":"","ast-hfb-above-header-display":"","ast-hfb-below-header-display":"","ast-hfb-mobile-header-display":"","site-post-title":"","ast-breadcrumbs-content":"","ast-featured-img":"","footer-sml-layout":"","theme-transparent-header-meta":"","adv-header-id-meta":"","stick-header-meta":"","header-above-stick-meta":"","header-main-stick-meta":"","header-below-stick-meta":"","astra-migrate-meta-layouts":"set","ast-page-background-enabled":"default","ast-page-background-meta":{"desktop":{"background-color":"var(--ast-global-color-4)","background-image":"","background-repeat":"repeat","background-position":"center center","background-size":"auto","background-attachment":"scroll","background-type":"","background-media":"","overlay-type":"","overlay-color":"","overlay-opacity":"","overlay-gradient":""},"tablet":{"background-color":"","background-image":"","background-repeat":"repeat","background-position":"center center","background-size":"auto","background-attachment":"scroll","background-type":"","background-media":"","overlay-type":"","overlay-color":"","overlay-opacity":"","overlay-gradient":""},"mobile":{"background-color":"","background-image":"","background-repeat":"repeat","background-position":"center center","background-size":"auto","background-attachment":"scroll","background-type":"","background-media":"","overlay-type":"","overlay-color":"","overlay-opacity":"","overlay-gradient":""}},"ast-content-background-meta":{"desktop":{"background-color":"var(--ast-global-color-5)","background-image":"","background-repeat":"repeat","background-position":"center center","background-size":"auto","background-attachment":"scroll","background-type":"","background-media":"","overlay-type":"","overlay-color":"","overlay-opacity":"","overlay-gradient":""},"tablet":{"background-color":"var(--ast-global-color-5)","background-image":"","background-repeat":"repeat","background-position":"center center","background-size":"auto","background-attachment":"scroll","background-type":"","background-media":"","overlay-type":"","overlay-color":"","overlay-opacity":"","overlay-gradient":""},"mobile":{"background-color":"var(--ast-global-color-5)","background-image":"","background-repeat":"repeat","background-position":"center center","background-size":"auto","background-attachment":"scroll","background-type":"","background-media":"","overlay-type":"","overlay-color":"","overlay-opacity":"","overlay-gradient":""}},"footnotes":""},"categories":[10,11,12,13,14,15,1,3,8,9,2,4,5],"tags":[],"class_list":["post-1933","post","type-post","status-publish","format-standard","has-post-thumbnail","hentry","category-1r","category-2n","category-3r","category-4t","category-5e","category-6e","category-general","category-i3","category-i4","category-i5","category-infantil","category-portada","category-primaria"],"post_mailing_queue_ids":[],"_links":{"self":[{"href":"https:\/\/agora.xtec.cat\/ietramuntana\/wp-json\/wp\/v2\/posts\/1933","targetHints":{"allow":["GET"]}}],"collection":[{"href":"https:\/\/agora.xtec.cat\/ietramuntana\/wp-json\/wp\/v2\/posts"}],"about":[{"href":"https:\/\/agora.xtec.cat\/ietramuntana\/wp-json\/wp\/v2\/types\/post"}],"author":[{"embeddable":true,"href":"https:\/\/agora.xtec.cat\/ietramuntana\/wp-json\/wp\/v2\/users\/5"}],"replies":[{"embeddable":true,"href":"https:\/\/agora.xtec.cat\/ietramuntana\/wp-json\/wp\/v2\/comments?post=1933"}],"version-history":[{"count":2,"href":"https:\/\/agora.xtec.cat\/ietramuntana\/wp-json\/wp\/v2\/posts\/1933\/revisions"}],"predecessor-version":[{"id":1936,"href":"https:\/\/agora.xtec.cat\/ietramuntana\/wp-json\/wp\/v2\/posts\/1933\/revisions\/1936"}],"wp:featuredmedia":[{"embeddable":true,"href":"https:\/\/agora.xtec.cat\/ietramuntana\/wp-json\/wp\/v2\/media\/1934"}],"wp:attachment":[{"href":"https:\/\/agora.xtec.cat\/ietramuntana\/wp-json\/wp\/v2\/media?parent=1933"}],"wp:term":[{"taxonomy":"category","embeddable":true,"href":"https:\/\/agora.xtec.cat\/ietramuntana\/wp-json\/wp\/v2\/categories?post=1933"},{"taxonomy":"post_tag","embeddable":true,"href":"https:\/\/agora.xtec.cat\/ietramuntana\/wp-json\/wp\/v2\/tags?post=1933"}],"curies":[{"name":"wp","href":"https:\/\/api.w.org\/{rel}","templated":true}]}}