{"id":1929,"date":"2025-12-15T09:30:00","date_gmt":"2025-12-15T08:30:00","guid":{"rendered":"https:\/\/agora.xtec.cat\/ietramuntana\/?p=1929"},"modified":"2026-01-27T13:11:01","modified_gmt":"2026-01-27T12:11:01","slug":"ajuts-per-a-activitats-extraescolars-i-destiu","status":"publish","type":"post","link":"https:\/\/agora.xtec.cat\/ietramuntana\/general\/ajuts-per-a-activitats-extraescolars-i-destiu\/","title":{"rendered":"Ajuts per a activitats extraescolars i d&#8217;estiu"},"content":{"rendered":"\n<p>Entre el <strong>15 de gener i l&#8217;11 de febrer de 2026<\/strong> les fam\u00edlies de Barcelona podran tramitar els ajuts per a vacances d\u2019estiu, extraescolars esportives i tardes educatives.<\/p>\n\n\n\n<p>Un cop acabi aquest per\u00edode, l\u2019Ajuntament els notificar\u00e0, si \u00e9s el cas,&nbsp; el&nbsp;<strong>nivell d\u2019ajut<\/strong>&nbsp;que els correspongui (fins al 30%, 60% o 90% del cost, en funci\u00f3 dels ingressos de la unitat de&nbsp; conviv\u00e8ncia) i els far\u00e0 arribar&nbsp;<strong>un codi per cada infant<\/strong>, que servir\u00e0 per demanar ajuts en cada una de les activitats en les quals vulguin participar.<\/p>\n\n\n\n<p>Aquest <strong>codi s\u2019utilitzar\u00e0 en el moment d\u2019inscriure\u2019s a les activitats<\/strong>, sense haver d\u2019aportar de nou la documentaci\u00f3 preceptiva.<\/p>\n\n\n\n<p><strong>RESUM DE LES 3 FASES DEL PROC\u00c9S<\/strong><\/p>\n\n\n\n<ol class=\"wp-block-list\">\n<li> Sol\u00b7licitar l&#8217;ajut entre el 15 de gener i l&#8217;11 de febrer. Les fam\u00edlies rebreu un <strong>codi que confirma que tindreu dret a l&#8217;ajut <\/strong>quan inscriviu els vostres fills\/es a  les activitats d&#8217;estiu, extraescolars pel curs vinent o tardes educatives.<\/li>\n\n\n\n<li>En el moment d&#8217;inscriure el vostre fill\/a a activitats d&#8217;estiu, tardes educatives o extraescolars pel curs vinent, <strong>rebreu un codi de l&#8217;activitat.<\/strong><\/li>\n\n\n\n<li>Amb el <strong>codi del nivell d&#8217;ajut i <\/strong>el de l&#8217;<strong>activitat escollida<\/strong>, caldr\u00e0 fer<strong> un \u00faltim tr\u00e0mit <\/strong>senzill per sol\u00b7licitar l&#8217;ajut econ\u00f2mic i saber l&#8217;import atorgat.<\/li>\n<\/ol>\n\n\n\n<p><strong>ON SOL\u00b7LICITAR L&#8217;AJUT?<\/strong><\/p>\n\n\n\n<ul class=\"wp-block-list\">\n<li>Virtualment, a l&#8217;<a href=\"https:\/\/seuelectronica.ajuntament.barcelona.cat\/oficinavirtual\/ca\">Oficina Vitrual de Tr\u00e0mits<\/a> a partir del 15 de gener<\/li>\n\n\n\n<li>als Punts de Suport Habilitats: OAC Monumental, OAC Nou Barris, OAC Sants-Montju\u00efc. Per fer el tr\u00e0mit, heu de&nbsp;<strong>demanar cita pr\u00e8via<\/strong>, trucant al 010 (tel\u00e8fon gratu\u00eft) o a trav\u00e9s de l\u2019<a href=\"https:\/\/seuelectronica.ajuntament.barcelona.cat\/oficinavirtual\/ca\/tramit\/20230001668\">enlla\u00e7 seg\u00fcent<\/a>.<\/li>\n<\/ul>\n\n\n\n<p><strong>QUI POT SOL\u00b7LICITAR L&#8217;AJUT?<\/strong><\/p>\n\n\n\n<p>Poden sol\u00b7licitar l\u2019ajut els progenitors\/ores o tutors\/ores dels infants o joves de la unitat de conviv\u00e8ncia que compleixin els requisits seg\u00fcents:<\/p>\n\n\n\n<ul class=\"wp-block-list\">\n<li>Estar empadronats a Barcelona.<\/li>\n\n\n\n<li>Tenir un fill\/a en els trams d\u2019edat seg\u00fcents:\n<ul class=\"wp-block-list\">\n<li><strong>Vacances d\u2019estiu:<\/strong>&nbsp;entre 1 i 17 anys<\/li>\n\n\n\n<li><strong>Extraescolars esportives i Tardes educatives:<\/strong>&nbsp;entre 6 i 17 anys<\/li>\n<\/ul>\n<\/li>\n\n\n\n<li>No superar els l\u00edmits de renda establerts per membre de la unitat de conviv\u00e8ncia.<\/li>\n<\/ul>\n\n\n\n<p>Per a m\u00e9s informaci\u00f3&#8230;.<\/p>\n\n\n\n<div class=\"wp-block-buttons is-layout-flex wp-block-buttons-is-layout-flex\">\n<div class=\"wp-block-button\"><a class=\"wp-block-button__link has-text-align-center wp-element-button\" href=\"https:\/\/ajuntament.barcelona.cat\/ajutsextraescolars\/ca\"><strong>P\u00e0gina web de la campanya<\/strong><\/a><\/div>\n<\/div>\n\n\n\n<figure class=\"wp-block-image size-full\"><a href=\"https:\/\/agora.xtec.cat\/ietramuntana\/wp-content\/uploads\/usu3053\/2026\/01\/Campanya.png\"><img loading=\"lazy\" decoding=\"async\" width=\"760\" height=\"428\" src=\"https:\/\/agora.xtec.cat\/ietramuntana\/wp-content\/uploads\/usu3053\/2026\/01\/Campanya.png\" alt=\"\" class=\"wp-image-2184\" srcset=\"https:\/\/agora.xtec.cat\/ietramuntana\/wp-content\/uploads\/usu3053\/2026\/01\/Campanya.png 760w, https:\/\/agora.xtec.cat\/ietramuntana\/wp-content\/uploads\/usu3053\/2026\/01\/Campanya-300x169.png 300w\" sizes=\"auto, (max-width: 760px) 100vw, 760px\" \/><\/a><\/figure>\n\n\n\n<p><\/p>\n\n\n\n<p><\/p>\n","protected":false},"excerpt":{"rendered":"<p>Entre el 15 de gener i l&#8217;11 de febrer de 2026 les fam\u00edlies de Barcelona podran tramitar els ajuts per a vacances d\u2019estiu, extraescolars esportives i tardes educatives. Un cop acabi aquest per\u00edode, l\u2019Ajuntament els notificar\u00e0, si \u00e9s el cas,&nbsp; el&nbsp;nivell d\u2019ajut&nbsp;que els correspongui (fins al 30%, 60% o 90% del cost, en funci\u00f3 dels [&hellip;]<\/p>\n","protected":false},"author":6,"featured_media":2184,"comment_status":"open","ping_status":"open","sticky":false,"template":"","format":"standard","meta":{"site-sidebar-layout":"default","site-content-layout":"","ast-site-content-layout":"default","site-content-style":"default","site-sidebar-style":"default","ast-global-header-display":"","ast-banner-title-visibility":"","ast-main-header-display":"","ast-hfb-above-header-display":"","ast-hfb-below-header-display":"","ast-hfb-mobile-header-display":"","site-post-title":"","ast-breadcrumbs-content":"","ast-featured-img":"","footer-sml-layout":"","theme-transparent-header-meta":"","adv-header-id-meta":"","stick-header-meta":"","header-above-stick-meta":"","header-main-stick-meta":"","header-below-stick-meta":"","astra-migrate-meta-layouts":"set","ast-page-background-enabled":"default","ast-page-background-meta":{"desktop":{"background-color":"var(--ast-global-color-4)","background-image":"","background-repeat":"repeat","background-position":"center center","background-size":"auto","background-attachment":"scroll","background-type":"","background-media":"","overlay-type":"","overlay-color":"","overlay-opacity":"","overlay-gradient":""},"tablet":{"background-color":"","background-image":"","background-repeat":"repeat","background-position":"center center","background-size":"auto","background-attachment":"scroll","background-type":"","background-media":"","overlay-type":"","overlay-color":"","overlay-opacity":"","overlay-gradient":""},"mobile":{"background-color":"","background-image":"","background-repeat":"repeat","background-position":"center center","background-size":"auto","background-attachment":"scroll","background-type":"","background-media":"","overlay-type":"","overlay-color":"","overlay-opacity":"","overlay-gradient":""}},"ast-content-background-meta":{"desktop":{"background-color":"var(--ast-global-color-5)","background-image":"","background-repeat":"repeat","background-position":"center center","background-size":"auto","background-attachment":"scroll","background-type":"","background-media":"","overlay-type":"","overlay-color":"","overlay-opacity":"","overlay-gradient":""},"tablet":{"background-color":"var(--ast-global-color-5)","background-image":"","background-repeat":"repeat","background-position":"center center","background-size":"auto","background-attachment":"scroll","background-type":"","background-media":"","overlay-type":"","overlay-color":"","overlay-opacity":"","overlay-gradient":""},"mobile":{"background-color":"var(--ast-global-color-5)","background-image":"","background-repeat":"repeat","background-position":"center center","background-size":"auto","background-attachment":"scroll","background-type":"","background-media":"","overlay-type":"","overlay-color":"","overlay-opacity":"","overlay-gradient":""}},"footnotes":""},"categories":[1,4],"tags":[],"class_list":["post-1929","post","type-post","status-publish","format-standard","has-post-thumbnail","hentry","category-general","category-portada"],"post_mailing_queue_ids":[],"_links":{"self":[{"href":"https:\/\/agora.xtec.cat\/ietramuntana\/wp-json\/wp\/v2\/posts\/1929","targetHints":{"allow":["GET"]}}],"collection":[{"href":"https:\/\/agora.xtec.cat\/ietramuntana\/wp-json\/wp\/v2\/posts"}],"about":[{"href":"https:\/\/agora.xtec.cat\/ietramuntana\/wp-json\/wp\/v2\/types\/post"}],"author":[{"embeddable":true,"href":"https:\/\/agora.xtec.cat\/ietramuntana\/wp-json\/wp\/v2\/users\/6"}],"replies":[{"embeddable":true,"href":"https:\/\/agora.xtec.cat\/ietramuntana\/wp-json\/wp\/v2\/comments?post=1929"}],"version-history":[{"count":3,"href":"https:\/\/agora.xtec.cat\/ietramuntana\/wp-json\/wp\/v2\/posts\/1929\/revisions"}],"predecessor-version":[{"id":2185,"href":"https:\/\/agora.xtec.cat\/ietramuntana\/wp-json\/wp\/v2\/posts\/1929\/revisions\/2185"}],"wp:featuredmedia":[{"embeddable":true,"href":"https:\/\/agora.xtec.cat\/ietramuntana\/wp-json\/wp\/v2\/media\/2184"}],"wp:attachment":[{"href":"https:\/\/agora.xtec.cat\/ietramuntana\/wp-json\/wp\/v2\/media?parent=1929"}],"wp:term":[{"taxonomy":"category","embeddable":true,"href":"https:\/\/agora.xtec.cat\/ietramuntana\/wp-json\/wp\/v2\/categories?post=1929"},{"taxonomy":"post_tag","embeddable":true,"href":"https:\/\/agora.xtec.cat\/ietramuntana\/wp-json\/wp\/v2\/tags?post=1929"}],"curies":[{"name":"wp","href":"https:\/\/api.w.org\/{rel}","templated":true}]}}