{"id":1719,"date":"2025-11-11T10:45:52","date_gmt":"2025-11-11T09:45:52","guid":{"rendered":"https:\/\/agora.xtec.cat\/ietramuntana\/?p=1719"},"modified":"2025-11-17T14:52:37","modified_gmt":"2025-11-17T13:52:37","slug":"posteritzacio-dels-nostres-idols","status":"publish","type":"post","link":"https:\/\/agora.xtec.cat\/ietramuntana\/general\/posteritzacio-dels-nostres-idols\/","title":{"rendered":"Posteritzaci\u00f3 dels nostres \u00eddols"},"content":{"rendered":"\n<p><strong>per Juliette Fortrie 4t d\u2019ESO<\/strong><\/p>\n\n\n\n<p>L\u2019alumnat de 4t d\u2019ESO de l\u2019optativa d\u2019expressi\u00f3 art\u00edstica han estat dibuixant als seus \u00eddols. Cadasc\u00fa ha triat alg\u00fa fam\u00f3s o que li agradi molt i l\u2019ha dibuixat, d\u2019una manera diferent del que es fa habitualment.&nbsp;<\/p>\n\n\n\n<p>Hem treballat amb la t\u00e8cnica de l\u2019escala de grisos, que consisteix a representar quatre tons diferents, del m\u00e9s fosc al m\u00e9s clar. A continuaci\u00f3, hem fet una fotoc\u00f2pia en blanc i negre de l&#8217;\u00eddol escollit, despr\u00e9s hem comen\u00e7at a resseguir amb negre les zones importants, amb ombres i llums per a quan s&#8217;hagu\u00e9s de calcar sort\u00eds b\u00e9. D\u2019aquesta manera, ten\u00edem la fotografia en zones compactades segons una tonalitat de llum.<\/p>\n\n\n\n<figure class=\"wp-block-image aligncenter size-full\"><a href=\"https:\/\/agora.xtec.cat\/ietramuntana\/wp-content\/uploads\/usu3053\/2025\/11\/Picture1.jpg\"><img loading=\"lazy\" decoding=\"async\" width=\"419\" height=\"299\" src=\"https:\/\/agora.xtec.cat\/ietramuntana\/wp-content\/uploads\/usu3053\/2025\/11\/Picture1.jpg\" alt=\"\" class=\"wp-image-1723\" srcset=\"https:\/\/agora.xtec.cat\/ietramuntana\/wp-content\/uploads\/usu3053\/2025\/11\/Picture1.jpg 419w, https:\/\/agora.xtec.cat\/ietramuntana\/wp-content\/uploads\/usu3053\/2025\/11\/Picture1-300x214.jpg 300w\" sizes=\"auto, (max-width: 419px) 100vw, 419px\" \/><\/a><\/figure>\n\n\n\n<p>Un cop tenim la base del nostre dibuix, apliquem el mateix procediment: triem 4 colors que vulguem que el dibuix tingui utilitzant l\u2019escala de grisos. Per comprovar-ho hem fet una fotografia amb l\u2019ordinador per passar-la a blanc i negre per veure si l\u2019ordre de l\u2019escala dels colors era correcte. Una vegada ho hem tingut tot, hem comen\u00e7at a pintar. Hem respectat l\u2019ordre dels colors a partir de la lluminositat de la fotografia.\u00a0<\/p>\n\n\n\n<p>Hi ha hagut persones de tota mena: gent que en fer aquesta tasca l\u2019ha relaxat, perqu\u00e8 despr\u00e9s, quan vas veient el resultat et motiva m\u00e9s. I d\u2019altres que els ha estressat, perqu\u00e8 al moment de pintar zones m\u00e9s grans ha resultat que si tot era d\u2019un mateix color havies d\u2019estar-hi molta estona i potser no quedava com volies. O simplement que si no t\u2019agradava com t\u2019estava quedant, el tornaves a repetir i aix\u00f2 feia r\u00e0bia perqu\u00e8 volia dir tornar a comen\u00e7ar.<\/p>\n\n\n\n<div class=\"wp-block-columns is-layout-flex wp-container-core-columns-is-layout-2 wp-block-columns-is-layout-flex\">\n<div class=\"wp-block-column is-layout-flow wp-block-column-is-layout-flow\">\n<figure class=\"wp-block-image size-full is-resized\"><a href=\"https:\/\/agora.xtec.cat\/ietramuntana\/wp-content\/uploads\/usu3053\/2025\/11\/Picture4-1.jpg\"><img loading=\"lazy\" decoding=\"async\" width=\"205\" height=\"153\" src=\"https:\/\/agora.xtec.cat\/ietramuntana\/wp-content\/uploads\/usu3053\/2025\/11\/Picture4-1.jpg\" alt=\"\" class=\"wp-image-1732\" style=\"width:279px;height:auto\"\/><\/a><\/figure>\n<\/div>\n\n\n\n<div class=\"wp-block-column is-layout-flow wp-block-column-is-layout-flow\">\n<div class=\"wp-block-columns is-layout-flex wp-container-core-columns-is-layout-1 wp-block-columns-is-layout-flex\">\n<div class=\"wp-block-column is-layout-flow wp-block-column-is-layout-flow\">\n<figure class=\"wp-block-image size-full is-resized\"><a href=\"https:\/\/agora.xtec.cat\/ietramuntana\/wp-content\/uploads\/usu3053\/2025\/11\/Picture2-1.jpg\"><img loading=\"lazy\" decoding=\"async\" width=\"221\" height=\"160\" src=\"https:\/\/agora.xtec.cat\/ietramuntana\/wp-content\/uploads\/usu3053\/2025\/11\/Picture2-1.jpg\" alt=\"\" class=\"wp-image-1733\" style=\"width:279px;height:auto\"\/><\/a><\/figure>\n<\/div>\n<\/div>\n<\/div>\n\n\n\n<div class=\"wp-block-column is-layout-flow wp-block-column-is-layout-flow\">\n<figure class=\"wp-block-image aligncenter size-full is-resized\"><a href=\"https:\/\/agora.xtec.cat\/ietramuntana\/wp-content\/uploads\/usu3053\/2025\/11\/Picture5-1.jpg\"><img loading=\"lazy\" decoding=\"async\" width=\"602\" height=\"803\" src=\"https:\/\/agora.xtec.cat\/ietramuntana\/wp-content\/uploads\/usu3053\/2025\/11\/Picture5-1.jpg\" alt=\"\" class=\"wp-image-1734\" style=\"width:154px;height:auto\" srcset=\"https:\/\/agora.xtec.cat\/ietramuntana\/wp-content\/uploads\/usu3053\/2025\/11\/Picture5-1.jpg 602w, https:\/\/agora.xtec.cat\/ietramuntana\/wp-content\/uploads\/usu3053\/2025\/11\/Picture5-1-225x300.jpg 225w\" sizes=\"auto, (max-width: 602px) 100vw, 602px\" \/><\/a><\/figure>\n<\/div>\n<\/div>\n\n\n\n<p>Altres que han utilitzat un llibre per posar-ho a sota del full i aix\u00ed pintaven millor i el resultat estava m\u00e9s ben fet i es veia m\u00e9s net i llis, els colors.&nbsp;<\/p>\n\n\n\n<p>Per acabar, treballar a partir dels nostres \u00eddols ens fa pensar en tot all\u00f2 que valorem d\u2019ells i elles. Una manera d\u2019apropar-nos als valors que promouen.&nbsp;<\/p>\n\n\n\n<div class=\"wp-block-columns is-layout-flex wp-container-core-columns-is-layout-3 wp-block-columns-is-layout-flex\">\n<div class=\"wp-block-column is-layout-flow wp-block-column-is-layout-flow\">\n<figure class=\"wp-block-image size-full\"><a href=\"https:\/\/agora.xtec.cat\/ietramuntana\/wp-content\/uploads\/usu3053\/2025\/11\/Picture8-1.jpg\"><img loading=\"lazy\" decoding=\"async\" width=\"303\" height=\"228\" src=\"https:\/\/agora.xtec.cat\/ietramuntana\/wp-content\/uploads\/usu3053\/2025\/11\/Picture8-1.jpg\" alt=\"\" class=\"wp-image-1735\" srcset=\"https:\/\/agora.xtec.cat\/ietramuntana\/wp-content\/uploads\/usu3053\/2025\/11\/Picture8-1.jpg 303w, https:\/\/agora.xtec.cat\/ietramuntana\/wp-content\/uploads\/usu3053\/2025\/11\/Picture8-1-300x226.jpg 300w\" sizes=\"auto, (max-width: 303px) 100vw, 303px\" \/><\/a><\/figure>\n<\/div>\n\n\n\n<div class=\"wp-block-column is-layout-flow wp-block-column-is-layout-flow\">\n<figure class=\"wp-block-image size-full\"><a href=\"https:\/\/agora.xtec.cat\/ietramuntana\/wp-content\/uploads\/usu3053\/2025\/11\/Picture7-1.jpg\"><img loading=\"lazy\" decoding=\"async\" width=\"305\" height=\"228\" src=\"https:\/\/agora.xtec.cat\/ietramuntana\/wp-content\/uploads\/usu3053\/2025\/11\/Picture7-1.jpg\" alt=\"\" class=\"wp-image-1736\" srcset=\"https:\/\/agora.xtec.cat\/ietramuntana\/wp-content\/uploads\/usu3053\/2025\/11\/Picture7-1.jpg 305w, https:\/\/agora.xtec.cat\/ietramuntana\/wp-content\/uploads\/usu3053\/2025\/11\/Picture7-1-300x224.jpg 300w\" sizes=\"auto, (max-width: 305px) 100vw, 305px\" \/><\/a><\/figure>\n<\/div>\n<\/div>\n","protected":false},"excerpt":{"rendered":"<p>per Juliette Fortrie 4t d\u2019ESO L\u2019alumnat de 4t d\u2019ESO de l\u2019optativa d\u2019expressi\u00f3 art\u00edstica han estat dibuixant als seus \u00eddols. Cadasc\u00fa ha triat alg\u00fa fam\u00f3s o que li agradi molt i l\u2019ha dibuixat, d\u2019una manera diferent del que es fa habitualment.&nbsp; Hem treballat amb la t\u00e8cnica de l\u2019escala de grisos, que consisteix a representar quatre tons [&hellip;]<\/p>\n","protected":false},"author":4,"featured_media":1732,"comment_status":"open","ping_status":"open","sticky":false,"template":"","format":"standard","meta":{"site-sidebar-layout":"default","site-content-layout":"","ast-site-content-layout":"default","site-content-style":"default","site-sidebar-style":"default","ast-global-header-display":"","ast-banner-title-visibility":"","ast-main-header-display":"","ast-hfb-above-header-display":"","ast-hfb-below-header-display":"","ast-hfb-mobile-header-display":"","site-post-title":"","ast-breadcrumbs-content":"","ast-featured-img":"","footer-sml-layout":"","theme-transparent-header-meta":"","adv-header-id-meta":"","stick-header-meta":"","header-above-stick-meta":"","header-main-stick-meta":"","header-below-stick-meta":"","astra-migrate-meta-layouts":"set","ast-page-background-enabled":"default","ast-page-background-meta":{"desktop":{"background-color":"var(--ast-global-color-4)","background-image":"","background-repeat":"repeat","background-position":"center center","background-size":"auto","background-attachment":"scroll","background-type":"","background-media":"","overlay-type":"","overlay-color":"","overlay-opacity":"","overlay-gradient":""},"tablet":{"background-color":"","background-image":"","background-repeat":"repeat","background-position":"center center","background-size":"auto","background-attachment":"scroll","background-type":"","background-media":"","overlay-type":"","overlay-color":"","overlay-opacity":"","overlay-gradient":""},"mobile":{"background-color":"","background-image":"","background-repeat":"repeat","background-position":"center center","background-size":"auto","background-attachment":"scroll","background-type":"","background-media":"","overlay-type":"","overlay-color":"","overlay-opacity":"","overlay-gradient":""}},"ast-content-background-meta":{"desktop":{"background-color":"var(--ast-global-color-5)","background-image":"","background-repeat":"repeat","background-position":"center center","background-size":"auto","background-attachment":"scroll","background-type":"","background-media":"","overlay-type":"","overlay-color":"","overlay-opacity":"","overlay-gradient":""},"tablet":{"background-color":"var(--ast-global-color-5)","background-image":"","background-repeat":"repeat","background-position":"center center","background-size":"auto","background-attachment":"scroll","background-type":"","background-media":"","overlay-type":"","overlay-color":"","overlay-opacity":"","overlay-gradient":""},"mobile":{"background-color":"var(--ast-global-color-5)","background-image":"","background-repeat":"repeat","background-position":"center center","background-size":"auto","background-attachment":"scroll","background-type":"","background-media":"","overlay-type":"","overlay-color":"","overlay-opacity":"","overlay-gradient":""}},"footnotes":""},"categories":[77,1,4,72],"tags":[],"class_list":["post-1719","post","type-post","status-publish","format-standard","has-post-thumbnail","hentry","category-4-eso","category-general","category-portada","category-secundaria"],"post_mailing_queue_ids":[],"_links":{"self":[{"href":"https:\/\/agora.xtec.cat\/ietramuntana\/wp-json\/wp\/v2\/posts\/1719","targetHints":{"allow":["GET"]}}],"collection":[{"href":"https:\/\/agora.xtec.cat\/ietramuntana\/wp-json\/wp\/v2\/posts"}],"about":[{"href":"https:\/\/agora.xtec.cat\/ietramuntana\/wp-json\/wp\/v2\/types\/post"}],"author":[{"embeddable":true,"href":"https:\/\/agora.xtec.cat\/ietramuntana\/wp-json\/wp\/v2\/users\/4"}],"replies":[{"embeddable":true,"href":"https:\/\/agora.xtec.cat\/ietramuntana\/wp-json\/wp\/v2\/comments?post=1719"}],"version-history":[{"count":2,"href":"https:\/\/agora.xtec.cat\/ietramuntana\/wp-json\/wp\/v2\/posts\/1719\/revisions"}],"predecessor-version":[{"id":1800,"href":"https:\/\/agora.xtec.cat\/ietramuntana\/wp-json\/wp\/v2\/posts\/1719\/revisions\/1800"}],"wp:featuredmedia":[{"embeddable":true,"href":"https:\/\/agora.xtec.cat\/ietramuntana\/wp-json\/wp\/v2\/media\/1732"}],"wp:attachment":[{"href":"https:\/\/agora.xtec.cat\/ietramuntana\/wp-json\/wp\/v2\/media?parent=1719"}],"wp:term":[{"taxonomy":"category","embeddable":true,"href":"https:\/\/agora.xtec.cat\/ietramuntana\/wp-json\/wp\/v2\/categories?post=1719"},{"taxonomy":"post_tag","embeddable":true,"href":"https:\/\/agora.xtec.cat\/ietramuntana\/wp-json\/wp\/v2\/tags?post=1719"}],"curies":[{"name":"wp","href":"https:\/\/api.w.org\/{rel}","templated":true}]}}