{"id":1346,"date":"2025-09-30T12:02:21","date_gmt":"2025-09-30T10:02:21","guid":{"rendered":"https:\/\/agora.xtec.cat\/ietramuntana\/?p=1346"},"modified":"2025-09-30T12:02:56","modified_gmt":"2025-09-30T10:02:56","slug":"un-inici-de-curs-diferent","status":"publish","type":"post","link":"https:\/\/agora.xtec.cat\/ietramuntana\/general\/un-inici-de-curs-diferent\/","title":{"rendered":"Un inici de curs diferent"},"content":{"rendered":"\n<p>Aquest curs ha comen\u00e7at d&#8217;una manera diferent de l&#8217;anterior. Aquest curs, l&#8217;hem iniciat amb la mirada a les nostres aules i tamb\u00e9 al m\u00f3n exterior, a altres llocs on les aules estan buides i els infants no hi estan accedint.<\/p>\n\n\n\n<p>Com a centre, part del nostre projecte educatiu consisteix a vincular-nos amb l&#8217;entorn proper, la nostra comunitat, per\u00f2 alhora, treballem perqu\u00e8 el nostre alumnat estigui connectant al m\u00f3n, a all\u00f2 que passa a altres llocs i aix\u00ed tenir una mirada cap a nosaltres per\u00f2 alhora cap a l&#8217;exterior, vinculant-nos amb l&#8217;actualitat i les seves repercussions.<\/p>\n\n\n\n<p>Per aquest motiu, hem parlat i reflexionat a les aules sobre els drets dels infants, la guerra a Palestina, i com joves i infants de l&#8217;edat dels nostres alumnes viuen una actualitat totalment oposada a la nostra. Despr\u00e9s, per tancar les nostres reflexions, hem decorat estrelles on hem afegit desitjos per als nens i nenes de Gaza, els hem afegit a tires de colors formant la seva bandera de Palestina.<\/p>\n\n\n\n<figure class=\"wp-block-image size-large\"><a href=\"https:\/\/agora.xtec.cat\/ietramuntana\/wp-content\/uploads\/usu3053\/2025\/09\/IMG_4810-scaled.jpg\"><img loading=\"lazy\" decoding=\"async\" width=\"1024\" height=\"683\" src=\"https:\/\/agora.xtec.cat\/ietramuntana\/wp-content\/uploads\/usu3053\/2025\/09\/IMG_4810-1024x683.jpg\" alt=\"\" class=\"wp-image-1314\" srcset=\"https:\/\/agora.xtec.cat\/ietramuntana\/wp-content\/uploads\/usu3053\/2025\/09\/IMG_4810-1024x683.jpg 1024w, https:\/\/agora.xtec.cat\/ietramuntana\/wp-content\/uploads\/usu3053\/2025\/09\/IMG_4810-300x200.jpg 300w, https:\/\/agora.xtec.cat\/ietramuntana\/wp-content\/uploads\/usu3053\/2025\/09\/IMG_4810-768x512.jpg 768w, https:\/\/agora.xtec.cat\/ietramuntana\/wp-content\/uploads\/usu3053\/2025\/09\/IMG_4810-1536x1024.jpg 1536w, https:\/\/agora.xtec.cat\/ietramuntana\/wp-content\/uploads\/usu3053\/2025\/09\/IMG_4810-2048x1365.jpg 2048w\" sizes=\"auto, (max-width: 1024px) 100vw, 1024px\" \/><\/a><\/figure>\n\n\n\n<figure class=\"wp-block-image size-large\"><a href=\"https:\/\/agora.xtec.cat\/ietramuntana\/wp-content\/uploads\/usu3053\/2025\/09\/WhatsApp-Image-2025-09-22-at-10.08.52.jpeg\"><img loading=\"lazy\" decoding=\"async\" width=\"769\" height=\"1024\" src=\"https:\/\/agora.xtec.cat\/ietramuntana\/wp-content\/uploads\/usu3053\/2025\/09\/WhatsApp-Image-2025-09-22-at-10.08.52-769x1024.jpeg\" alt=\"\" class=\"wp-image-1303\" srcset=\"https:\/\/agora.xtec.cat\/ietramuntana\/wp-content\/uploads\/usu3053\/2025\/09\/WhatsApp-Image-2025-09-22-at-10.08.52-769x1024.jpeg 769w, https:\/\/agora.xtec.cat\/ietramuntana\/wp-content\/uploads\/usu3053\/2025\/09\/WhatsApp-Image-2025-09-22-at-10.08.52-225x300.jpeg 225w, https:\/\/agora.xtec.cat\/ietramuntana\/wp-content\/uploads\/usu3053\/2025\/09\/WhatsApp-Image-2025-09-22-at-10.08.52-768x1023.jpeg 768w, https:\/\/agora.xtec.cat\/ietramuntana\/wp-content\/uploads\/usu3053\/2025\/09\/WhatsApp-Image-2025-09-22-at-10.08.52-1153x1536.jpeg 1153w, https:\/\/agora.xtec.cat\/ietramuntana\/wp-content\/uploads\/usu3053\/2025\/09\/WhatsApp-Image-2025-09-22-at-10.08.52.jpeg 1537w\" sizes=\"auto, (max-width: 769px) 100vw, 769px\" \/><\/a><\/figure>\n","protected":false},"excerpt":{"rendered":"<p>Aquest curs ha comen\u00e7at d&#8217;una manera diferent de l&#8217;anterior. Aquest curs, l&#8217;hem iniciat amb la mirada a les nostres aules i tamb\u00e9 al m\u00f3n exterior, a altres llocs on les aules estan buides i els infants no hi estan accedint. Com a centre, part del nostre projecte educatiu consisteix a vincular-nos amb l&#8217;entorn proper, la [&hellip;]<\/p>\n","protected":false},"author":6,"featured_media":1302,"comment_status":"open","ping_status":"open","sticky":false,"template":"","format":"standard","meta":{"site-sidebar-layout":"default","site-content-layout":"","ast-site-content-layout":"","site-content-style":"default","site-sidebar-style":"default","ast-global-header-display":"","ast-banner-title-visibility":"","ast-main-header-display":"","ast-hfb-above-header-display":"","ast-hfb-below-header-display":"","ast-hfb-mobile-header-display":"","site-post-title":"","ast-breadcrumbs-content":"","ast-featured-img":"","footer-sml-layout":"","theme-transparent-header-meta":"","adv-header-id-meta":"","stick-header-meta":"","header-above-stick-meta":"","header-main-stick-meta":"","header-below-stick-meta":"","astra-migrate-meta-layouts":"default","ast-page-background-enabled":"default","ast-page-background-meta":{"desktop":{"background-color":"var(--ast-global-color-4)","background-image":"","background-repeat":"repeat","background-position":"center center","background-size":"auto","background-attachment":"scroll","background-type":"","background-media":"","overlay-type":"","overlay-color":"","overlay-opacity":"","overlay-gradient":""},"tablet":{"background-color":"","background-image":"","background-repeat":"repeat","background-position":"center center","background-size":"auto","background-attachment":"scroll","background-type":"","background-media":"","overlay-type":"","overlay-color":"","overlay-opacity":"","overlay-gradient":""},"mobile":{"background-color":"","background-image":"","background-repeat":"repeat","background-position":"center center","background-size":"auto","background-attachment":"scroll","background-type":"","background-media":"","overlay-type":"","overlay-color":"","overlay-opacity":"","overlay-gradient":""}},"ast-content-background-meta":{"desktop":{"background-color":"var(--ast-global-color-5)","background-image":"","background-repeat":"repeat","background-position":"center center","background-size":"auto","background-attachment":"scroll","background-type":"","background-media":"","overlay-type":"","overlay-color":"","overlay-opacity":"","overlay-gradient":""},"tablet":{"background-color":"var(--ast-global-color-5)","background-image":"","background-repeat":"repeat","background-position":"center center","background-size":"auto","background-attachment":"scroll","background-type":"","background-media":"","overlay-type":"","overlay-color":"","overlay-opacity":"","overlay-gradient":""},"mobile":{"background-color":"var(--ast-global-color-5)","background-image":"","background-repeat":"repeat","background-position":"center center","background-size":"auto","background-attachment":"scroll","background-type":"","background-media":"","overlay-type":"","overlay-color":"","overlay-opacity":"","overlay-gradient":""}},"footnotes":""},"categories":[1,4],"tags":[],"class_list":["post-1346","post","type-post","status-publish","format-standard","has-post-thumbnail","hentry","category-general","category-portada"],"post_mailing_queue_ids":[],"_links":{"self":[{"href":"https:\/\/agora.xtec.cat\/ietramuntana\/wp-json\/wp\/v2\/posts\/1346","targetHints":{"allow":["GET"]}}],"collection":[{"href":"https:\/\/agora.xtec.cat\/ietramuntana\/wp-json\/wp\/v2\/posts"}],"about":[{"href":"https:\/\/agora.xtec.cat\/ietramuntana\/wp-json\/wp\/v2\/types\/post"}],"author":[{"embeddable":true,"href":"https:\/\/agora.xtec.cat\/ietramuntana\/wp-json\/wp\/v2\/users\/6"}],"replies":[{"embeddable":true,"href":"https:\/\/agora.xtec.cat\/ietramuntana\/wp-json\/wp\/v2\/comments?post=1346"}],"version-history":[{"count":1,"href":"https:\/\/agora.xtec.cat\/ietramuntana\/wp-json\/wp\/v2\/posts\/1346\/revisions"}],"predecessor-version":[{"id":1347,"href":"https:\/\/agora.xtec.cat\/ietramuntana\/wp-json\/wp\/v2\/posts\/1346\/revisions\/1347"}],"wp:featuredmedia":[{"embeddable":true,"href":"https:\/\/agora.xtec.cat\/ietramuntana\/wp-json\/wp\/v2\/media\/1302"}],"wp:attachment":[{"href":"https:\/\/agora.xtec.cat\/ietramuntana\/wp-json\/wp\/v2\/media?parent=1346"}],"wp:term":[{"taxonomy":"category","embeddable":true,"href":"https:\/\/agora.xtec.cat\/ietramuntana\/wp-json\/wp\/v2\/categories?post=1346"},{"taxonomy":"post_tag","embeddable":true,"href":"https:\/\/agora.xtec.cat\/ietramuntana\/wp-json\/wp\/v2\/tags?post=1346"}],"curies":[{"name":"wp","href":"https:\/\/api.w.org\/{rel}","templated":true}]}}