{"id":1178,"date":"2025-06-03T13:56:26","date_gmt":"2025-06-03T11:56:26","guid":{"rendered":"https:\/\/agora.xtec.cat\/ietramuntana\/?p=1178"},"modified":"2025-06-17T14:02:48","modified_gmt":"2025-06-17T12:02:48","slug":"linstitut-escola-ja-te-nom-ie-tramuntana","status":"publish","type":"post","link":"https:\/\/agora.xtec.cat\/ietramuntana\/general\/linstitut-escola-ja-te-nom-ie-tramuntana\/","title":{"rendered":"L\u2019Institut Escola ja t\u00e9 nom: IE Tramuntana"},"content":{"rendered":"\n<p>Despr\u00e9s d\u2019un proc\u00e9s participatiu molt ric, l\u2019Institut Escola ja t\u00e9 nom: IE Tramuntana. La tria del nom ha estat fruit del debat i la implicaci\u00f3 de tota la comunitat educativa, amb un resultat clarament un\u00e0nime. IE Tramuntana ha obtingut el 60% dels vots, seguit d&#8217;Elisa Garc\u00eda amb un 23% i Les Filadores de Sant Andreu amb un 15%.<\/p>\n\n\n\n<p>A continuaci\u00f3 us mostrem els resultats per sectors:<\/p>\n\n\n\n<p><strong>RESULTATS FINALS<\/strong><\/p>\n\n\n\n<figure class=\"wp-block-image\"><img decoding=\"async\" src=\"https:\/\/lh7-rt.googleusercontent.com\/docsz\/AD_4nXcucJtNoQO9tliEquIQ9IYPbbwvNBsC9SMghDF7Wt_HlwDGeaSYav9lVNDU_o6A0XLoiI661NZPiJVmBcnTQ3aGa8C4rr2qNG-LzEoFK08SOow9MpNjJ2s60S0AxtOsWwt1WuBxFA?key=k4xqztA_MRUIamjCKCOuBxIL\" alt=\"\" title=\"Gr\u00e0fic\"\/><\/figure>\n\n\n\n<p><strong>PER SECTORS<\/strong><\/p>\n\n\n\n<ol class=\"wp-block-list\">\n<li>Personal docent, educadors\/es de migdia, vetlladors, PAS, feineres, cuina.<\/li>\n<\/ol>\n\n\n\n<p>Nombre de vots emesos: 90 d\u2019un cens de 108&nbsp;<\/p>\n\n\n\n<p>Resultats obtinguts:<\/p>\n\n\n\n<figure class=\"wp-block-image\"><img decoding=\"async\" src=\"https:\/\/lh7-rt.googleusercontent.com\/docsz\/AD_4nXe6W3yRrv4m1G6aVWEqSKQPNMV7r7u82uOOEumAoKssRwEXZYI5EfROh4W1zywQthtCmd9aWGtmiq9tTnS7muCTP4biGp9nnge4F6xqfhi0ZAdJfNEd21QCkZYU__xkuBc3SH4v?key=k4xqztA_MRUIamjCKCOuBxIL\" alt=\"Gr\u00e0fic de respostes de Formularis. T\u00edtol de la pregunta: Quin nom prefereixes pel nostre institut-escola?. Nombre de respostes: 90 respostes.\" title=\"Quin nom prefereixes pel nostre institut-escola?\"\/><\/figure>\n\n\n\n<ol class=\"wp-block-list\" start=\"2\">\n<li>Fam\u00edlies:\u00a0<\/li>\n<\/ol>\n\n\n\n<p>Nombre de vots emesos: 197 d\u2019un cens de&nbsp;<\/p>\n\n\n\n<p>Resultats obtinguts<\/p>\n\n\n\n<figure class=\"wp-block-image\"><img decoding=\"async\" src=\"https:\/\/lh7-rt.googleusercontent.com\/docsz\/AD_4nXc_bplLYw8w097PR_wLuNeeIPG2sTaM9BOpXXs3h4zSbUCiwFrpSKzs4lNyV1TZ2eKVsgI1VdfkipDAGRWHFNkueUVC7ryUDHbvXqt3xFDP9T7lS1otHhMas_SXCRZABIin9cKrlg?key=k4xqztA_MRUIamjCKCOuBxIL\" alt=\"Gr\u00e0fic de respostes de Formularis. T\u00edtol de la pregunta: Quin nom prefereixes pel nostre institut-escola?. Nombre de respostes: 197 respostes.\" title=\"Quin nom prefereixes pel nostre institut-escola?\"\/><\/figure>\n\n\n\n<ol class=\"wp-block-list\" start=\"3\">\n<li>Alumnat:\u00a0\u00a0<\/li>\n<\/ol>\n\n\n\n<p>Nombre de vots emesos: 331 vots emesos d\u2019un total de 391<\/p>\n\n\n\n<figure class=\"wp-block-image\"><img decoding=\"async\" src=\"https:\/\/lh7-rt.googleusercontent.com\/docsz\/AD_4nXfV71vINmgMbnm07urxcBcE-Nor1qimwasBIq8KGKfohXAkvQWeOen7BG56cuBmhyEv21eD8Ws2LXnga4Ar7V_lpwBNe3g_5mR8zkRBQ6CTLf-a3PiAGuN2SO1vdduOTAsbKTOg1g?key=k4xqztA_MRUIamjCKCOuBxIL\" alt=\"Gr\u00e0fic de respostes de Formularis. T\u00edtol de la pregunta: Quin nom prefereixes pel nostre institut-escola?. Nombre de respostes: 331 respostes.\" title=\"Quin nom prefereixes pel nostre institut-escola?\"\/><\/figure>\n\n\n\n<p>El nom Tramuntana no \u00e9s casual. D&#8217;una banda, fa refer\u00e8ncia al nostre passat com a poble, ja que era el nom del barri del nord de Sant Andreu de Palomar. De l&#8217;altra, la tramuntana \u00e9s un vent amb molta for\u00e7a, una met\u00e0fora perfecta per a aquest nou projecte educatiu: un impuls ple d&#8217;energia cap a l&#8217;aprenentatge i el creixement dels nostres infants i joves.<\/p>\n\n\n\n<p>La propera setmana s&#8217;ha de presentar i aprovar al Consell Escolar de Districte i finalment al de ciutat per acabar esdevenint el nom oficial ja de cara al curs vinent.<\/p>\n\n\n\n<p>Agafeu-vos fort, que bufar\u00e0 bon vent.<\/p>\n\n\n\n<p><\/p>\n","protected":false},"excerpt":{"rendered":"<p>Despr\u00e9s d\u2019un proc\u00e9s participatiu molt ric, l\u2019Institut Escola ja t\u00e9 nom: IE Tramuntana. La tria del nom ha estat fruit del debat i la implicaci\u00f3 de tota la comunitat educativa, amb un resultat clarament un\u00e0nime. IE Tramuntana ha obtingut el 60% dels vots, seguit d&#8217;Elisa Garc\u00eda amb un 23% i Les Filadores de Sant Andreu [&hellip;]<\/p>\n","protected":false},"author":6,"featured_media":1180,"comment_status":"open","ping_status":"open","sticky":false,"template":"","format":"standard","meta":{"site-sidebar-layout":"default","site-content-layout":"","ast-site-content-layout":"","site-content-style":"default","site-sidebar-style":"default","ast-global-header-display":"","ast-banner-title-visibility":"","ast-main-header-display":"","ast-hfb-above-header-display":"","ast-hfb-below-header-display":"","ast-hfb-mobile-header-display":"","site-post-title":"","ast-breadcrumbs-content":"","ast-featured-img":"","footer-sml-layout":"","theme-transparent-header-meta":"","adv-header-id-meta":"","stick-header-meta":"","header-above-stick-meta":"","header-main-stick-meta":"","header-below-stick-meta":"","astra-migrate-meta-layouts":"default","ast-page-background-enabled":"default","ast-page-background-meta":{"desktop":{"background-color":"var(--ast-global-color-4)","background-image":"","background-repeat":"repeat","background-position":"center center","background-size":"auto","background-attachment":"scroll","background-type":"","background-media":"","overlay-type":"","overlay-color":"","overlay-opacity":"","overlay-gradient":""},"tablet":{"background-color":"","background-image":"","background-repeat":"repeat","background-position":"center center","background-size":"auto","background-attachment":"scroll","background-type":"","background-media":"","overlay-type":"","overlay-color":"","overlay-opacity":"","overlay-gradient":""},"mobile":{"background-color":"","background-image":"","background-repeat":"repeat","background-position":"center center","background-size":"auto","background-attachment":"scroll","background-type":"","background-media":"","overlay-type":"","overlay-color":"","overlay-opacity":"","overlay-gradient":""}},"ast-content-background-meta":{"desktop":{"background-color":"var(--ast-global-color-5)","background-image":"","background-repeat":"repeat","background-position":"center center","background-size":"auto","background-attachment":"scroll","background-type":"","background-media":"","overlay-type":"","overlay-color":"","overlay-opacity":"","overlay-gradient":""},"tablet":{"background-color":"var(--ast-global-color-5)","background-image":"","background-repeat":"repeat","background-position":"center center","background-size":"auto","background-attachment":"scroll","background-type":"","background-media":"","overlay-type":"","overlay-color":"","overlay-opacity":"","overlay-gradient":""},"mobile":{"background-color":"var(--ast-global-color-5)","background-image":"","background-repeat":"repeat","background-position":"center center","background-size":"auto","background-attachment":"scroll","background-type":"","background-media":"","overlay-type":"","overlay-color":"","overlay-opacity":"","overlay-gradient":""}},"footnotes":""},"categories":[1,4],"tags":[],"class_list":["post-1178","post","type-post","status-publish","format-standard","has-post-thumbnail","hentry","category-general","category-portada"],"post_mailing_queue_ids":[],"_links":{"self":[{"href":"https:\/\/agora.xtec.cat\/ietramuntana\/wp-json\/wp\/v2\/posts\/1178","targetHints":{"allow":["GET"]}}],"collection":[{"href":"https:\/\/agora.xtec.cat\/ietramuntana\/wp-json\/wp\/v2\/posts"}],"about":[{"href":"https:\/\/agora.xtec.cat\/ietramuntana\/wp-json\/wp\/v2\/types\/post"}],"author":[{"embeddable":true,"href":"https:\/\/agora.xtec.cat\/ietramuntana\/wp-json\/wp\/v2\/users\/6"}],"replies":[{"embeddable":true,"href":"https:\/\/agora.xtec.cat\/ietramuntana\/wp-json\/wp\/v2\/comments?post=1178"}],"version-history":[{"count":1,"href":"https:\/\/agora.xtec.cat\/ietramuntana\/wp-json\/wp\/v2\/posts\/1178\/revisions"}],"predecessor-version":[{"id":1181,"href":"https:\/\/agora.xtec.cat\/ietramuntana\/wp-json\/wp\/v2\/posts\/1178\/revisions\/1181"}],"wp:featuredmedia":[{"embeddable":true,"href":"https:\/\/agora.xtec.cat\/ietramuntana\/wp-json\/wp\/v2\/media\/1180"}],"wp:attachment":[{"href":"https:\/\/agora.xtec.cat\/ietramuntana\/wp-json\/wp\/v2\/media?parent=1178"}],"wp:term":[{"taxonomy":"category","embeddable":true,"href":"https:\/\/agora.xtec.cat\/ietramuntana\/wp-json\/wp\/v2\/categories?post=1178"},{"taxonomy":"post_tag","embeddable":true,"href":"https:\/\/agora.xtec.cat\/ietramuntana\/wp-json\/wp\/v2\/tags?post=1178"}],"curies":[{"name":"wp","href":"https:\/\/api.w.org\/{rel}","templated":true}]}}