{"id":1136,"date":"2025-03-31T09:42:56","date_gmt":"2025-03-31T07:42:56","guid":{"rendered":"https:\/\/agora.xtec.cat\/ietramuntana\/?p=1136"},"modified":"2025-03-31T09:44:29","modified_gmt":"2025-03-31T07:44:29","slug":"cartes-des-del-front","status":"publish","type":"post","link":"https:\/\/agora.xtec.cat\/ietramuntana\/general\/cartes-des-del-front\/","title":{"rendered":"Cartes des del front"},"content":{"rendered":"\n<p>El passat dilluns 10 de mar\u00e7 els alumnes de 4t de l\u2019ESO vam anar al poble de Miravet, escenari de la batalla de l\u2019Ebre per con\u00e8ixer i aprendre sobre ella. En aquesta sortida, una antrop\u00f2loga i un historiador ens van explicar diverses coses sobre la batalla: el dia a dia dels soldats, la vida a les trinxeres i an\u00e8cdotes de persones que havien patit les conseq\u00fc\u00e8ncies d\u2019aquesta cat\u00e0strofe. Tot aix\u00f2 acompanyat d&#8217;una visita pels diferents escenaris. A m\u00e9s a m\u00e9s, vam tenir l\u2019oportunitat de realitzar un pas en barca com els que es feien antigament i gaudir de les vistes tant del poble com del riu Ebre des de dalt de l\u2019esgl\u00e9sia.<\/p>\n\n\n\n<p>Per concloure amb aquesta experi\u00e8ncia, vam visitar el memorial en honor a les v\u00edctimes de la batalla i a aquells encara no trobats. En aquest \u00faltim espai vam acabar de conscienciar-nos de la import\u00e0ncia de donar reconeixement i visibilitzar tot el que va passar.<\/p>\n\n\n\n<p>Arran d&#8217;aquesta excursi\u00f3 i d\u2019una explicaci\u00f3 pr\u00e8via sobre que significaven les cartes en un context de guerra, a l\u2019assignatura de Constel\u00b7lacions liter\u00e0ries, vam fer una activitat en qu\u00e8 pod\u00edem reflectir tot all\u00f2 que hav\u00edem apr\u00e8s. Aquesta activitat consistia a escriure una carta posant-nos en la pell d\u2019un soldat al front de la guerra, concretament, en la batalla de l\u2019Ebre. <\/p>\n\n\n\n<p>Per fer-ho, no nom\u00e9s vam utilitzar les paraules clau i el vocabulari de l\u2019\u00e8poca, sin\u00f3 que tamb\u00e9 vam ambientar la carta amb recursos com la cal\u00b7ligrafia i l\u2019aspecte desgastat i brut del paper. Un cop escrites, aquestes cartes van ser metaf\u00f2ricament enviades als seus destinataris: cada alumne va rebre\u2019n una aleat\u00f2ria, la qual va haver de respondre com si fos el veritable remitent.<\/p>\n\n\n\n<p>Finalment, es van tornar aquestes respostes als seus escriptors, els quals les van avaluar.<\/p>\n\n\n\n<p>Va ser una activitat que ens va motivar molt a tot l\u2019alumnat perqu\u00e8 vam poder anar m\u00e9s enll\u00e0 de l\u2019explicaci\u00f3 que vam escoltar. A m\u00e9s a m\u00e9s, en estar treballant paral\u00b7lelament la Guerra Civil Espanyola a l\u2019assignatura d&#8217;hist\u00f2ria, hem pogut empatitzar m\u00e9s amb les persones que van participar en la guerra i van ser v\u00edctimes d\u2019aquesta barb\u00e0rie.<\/p>\n\n\n\n<figure class=\"wp-block-image size-large\"><a href=\"https:\/\/agora.xtec.cat\/ietramuntana\/wp-content\/uploads\/usu3053\/2025\/03\/cartes-1.jpg\"><img loading=\"lazy\" decoding=\"async\" width=\"1024\" height=\"769\" src=\"https:\/\/agora.xtec.cat\/ietramuntana\/wp-content\/uploads\/usu3053\/2025\/03\/cartes-1-1024x769.jpg\" alt=\"\" class=\"wp-image-1137\" srcset=\"https:\/\/agora.xtec.cat\/ietramuntana\/wp-content\/uploads\/usu3053\/2025\/03\/cartes-1-1024x769.jpg 1024w, https:\/\/agora.xtec.cat\/ietramuntana\/wp-content\/uploads\/usu3053\/2025\/03\/cartes-1-300x225.jpg 300w, https:\/\/agora.xtec.cat\/ietramuntana\/wp-content\/uploads\/usu3053\/2025\/03\/cartes-1-768x577.jpg 768w, https:\/\/agora.xtec.cat\/ietramuntana\/wp-content\/uploads\/usu3053\/2025\/03\/cartes-1-200x150.jpg 200w, https:\/\/agora.xtec.cat\/ietramuntana\/wp-content\/uploads\/usu3053\/2025\/03\/cartes-1.jpg 1280w\" sizes=\"auto, (max-width: 1024px) 100vw, 1024px\" \/><\/a><\/figure>\n","protected":false},"excerpt":{"rendered":"<p>El passat dilluns 10 de mar\u00e7 els alumnes de 4t de l\u2019ESO vam anar al poble de Miravet, escenari de la batalla de l\u2019Ebre per con\u00e8ixer i aprendre sobre ella. En aquesta sortida, una antrop\u00f2loga i un historiador ens van explicar diverses coses sobre la batalla: el dia a dia dels soldats, la vida a [&hellip;]<\/p>\n","protected":false},"author":4,"featured_media":1133,"comment_status":"open","ping_status":"open","sticky":false,"template":"","format":"standard","meta":{"site-sidebar-layout":"default","site-content-layout":"","ast-site-content-layout":"","site-content-style":"default","site-sidebar-style":"default","ast-global-header-display":"","ast-banner-title-visibility":"","ast-main-header-display":"","ast-hfb-above-header-display":"","ast-hfb-below-header-display":"","ast-hfb-mobile-header-display":"","site-post-title":"","ast-breadcrumbs-content":"","ast-featured-img":"","footer-sml-layout":"","theme-transparent-header-meta":"","adv-header-id-meta":"","stick-header-meta":"","header-above-stick-meta":"","header-main-stick-meta":"","header-below-stick-meta":"","astra-migrate-meta-layouts":"default","ast-page-background-enabled":"default","ast-page-background-meta":{"desktop":{"background-color":"var(--ast-global-color-4)","background-image":"","background-repeat":"repeat","background-position":"center center","background-size":"auto","background-attachment":"scroll","background-type":"","background-media":"","overlay-type":"","overlay-color":"","overlay-opacity":"","overlay-gradient":""},"tablet":{"background-color":"","background-image":"","background-repeat":"repeat","background-position":"center center","background-size":"auto","background-attachment":"scroll","background-type":"","background-media":"","overlay-type":"","overlay-color":"","overlay-opacity":"","overlay-gradient":""},"mobile":{"background-color":"","background-image":"","background-repeat":"repeat","background-position":"center center","background-size":"auto","background-attachment":"scroll","background-type":"","background-media":"","overlay-type":"","overlay-color":"","overlay-opacity":"","overlay-gradient":""}},"ast-content-background-meta":{"desktop":{"background-color":"var(--ast-global-color-5)","background-image":"","background-repeat":"repeat","background-position":"center center","background-size":"auto","background-attachment":"scroll","background-type":"","background-media":"","overlay-type":"","overlay-color":"","overlay-opacity":"","overlay-gradient":""},"tablet":{"background-color":"var(--ast-global-color-5)","background-image":"","background-repeat":"repeat","background-position":"center center","background-size":"auto","background-attachment":"scroll","background-type":"","background-media":"","overlay-type":"","overlay-color":"","overlay-opacity":"","overlay-gradient":""},"mobile":{"background-color":"var(--ast-global-color-5)","background-image":"","background-repeat":"repeat","background-position":"center center","background-size":"auto","background-attachment":"scroll","background-type":"","background-media":"","overlay-type":"","overlay-color":"","overlay-opacity":"","overlay-gradient":""}},"footnotes":""},"categories":[77,1,4,72],"tags":[],"class_list":["post-1136","post","type-post","status-publish","format-standard","has-post-thumbnail","hentry","category-4-eso","category-general","category-portada","category-secundaria"],"post_mailing_queue_ids":[],"_links":{"self":[{"href":"https:\/\/agora.xtec.cat\/ietramuntana\/wp-json\/wp\/v2\/posts\/1136","targetHints":{"allow":["GET"]}}],"collection":[{"href":"https:\/\/agora.xtec.cat\/ietramuntana\/wp-json\/wp\/v2\/posts"}],"about":[{"href":"https:\/\/agora.xtec.cat\/ietramuntana\/wp-json\/wp\/v2\/types\/post"}],"author":[{"embeddable":true,"href":"https:\/\/agora.xtec.cat\/ietramuntana\/wp-json\/wp\/v2\/users\/4"}],"replies":[{"embeddable":true,"href":"https:\/\/agora.xtec.cat\/ietramuntana\/wp-json\/wp\/v2\/comments?post=1136"}],"version-history":[{"count":1,"href":"https:\/\/agora.xtec.cat\/ietramuntana\/wp-json\/wp\/v2\/posts\/1136\/revisions"}],"predecessor-version":[{"id":1138,"href":"https:\/\/agora.xtec.cat\/ietramuntana\/wp-json\/wp\/v2\/posts\/1136\/revisions\/1138"}],"wp:featuredmedia":[{"embeddable":true,"href":"https:\/\/agora.xtec.cat\/ietramuntana\/wp-json\/wp\/v2\/media\/1133"}],"wp:attachment":[{"href":"https:\/\/agora.xtec.cat\/ietramuntana\/wp-json\/wp\/v2\/media?parent=1136"}],"wp:term":[{"taxonomy":"category","embeddable":true,"href":"https:\/\/agora.xtec.cat\/ietramuntana\/wp-json\/wp\/v2\/categories?post=1136"},{"taxonomy":"post_tag","embeddable":true,"href":"https:\/\/agora.xtec.cat\/ietramuntana\/wp-json\/wp\/v2\/tags?post=1136"}],"curies":[{"name":"wp","href":"https:\/\/api.w.org\/{rel}","templated":true}]}}