{"id":1057,"date":"2025-03-10T13:24:35","date_gmt":"2025-03-10T12:24:35","guid":{"rendered":"https:\/\/agora.xtec.cat\/ietramuntana\/?p=1057"},"modified":"2025-03-24T09:53:03","modified_gmt":"2025-03-24T08:53:03","slug":"la-fira-de-la-ciencia-de-4t-deso","status":"publish","type":"post","link":"https:\/\/agora.xtec.cat\/ietramuntana\/general\/la-fira-de-la-ciencia-de-4t-deso\/","title":{"rendered":"La fira de la ci\u00e8ncia de 4t d&#8217;ESO"},"content":{"rendered":"\n<figure class=\"wp-block-image size-large is-resized\"><a href=\"https:\/\/agora.xtec.cat\/ietramuntana\/wp-content\/uploads\/usu3053\/2025\/03\/IMG_0145-scaled.jpg\"><img loading=\"lazy\" decoding=\"async\" width=\"1024\" height=\"768\" src=\"https:\/\/agora.xtec.cat\/ietramuntana\/wp-content\/uploads\/usu3053\/2025\/03\/IMG_0145-1024x768.jpg\" alt=\"\" class=\"wp-image-1059\" style=\"width:636px;height:auto\" srcset=\"https:\/\/agora.xtec.cat\/ietramuntana\/wp-content\/uploads\/usu3053\/2025\/03\/IMG_0145-1024x768.jpg 1024w, https:\/\/agora.xtec.cat\/ietramuntana\/wp-content\/uploads\/usu3053\/2025\/03\/IMG_0145-300x225.jpg 300w, https:\/\/agora.xtec.cat\/ietramuntana\/wp-content\/uploads\/usu3053\/2025\/03\/IMG_0145-768x576.jpg 768w, https:\/\/agora.xtec.cat\/ietramuntana\/wp-content\/uploads\/usu3053\/2025\/03\/IMG_0145-1536x1152.jpg 1536w, https:\/\/agora.xtec.cat\/ietramuntana\/wp-content\/uploads\/usu3053\/2025\/03\/IMG_0145-2048x1536.jpg 2048w, https:\/\/agora.xtec.cat\/ietramuntana\/wp-content\/uploads\/usu3053\/2025\/03\/IMG_0145-200x150.jpg 200w\" sizes=\"auto, (max-width: 1024px) 100vw, 1024px\" \/><\/a><\/figure>\n\n\n\n<p>El dimecres 5 de mar\u00e7 els alumnes de quart d&#8217;ESO van poder explicar i ensenyar el que han apr\u00e8s durant el segon trimestre dins el marc de la mat\u00e8ria optativa de Biologia. Molts alumnes del centre van poder assistir i gaudir d&#8217;aquesta fira de coneixement, des d&#8217;alumnat de 6\u00e8 A, passant pels 4 cursos de l&#8217;ESO. <\/p>\n\n\n\n<p>Per donar forma a aquest projecte que ha quedat exposat a la fira, l&#8217;alumnat de 4t d&#8217;ESO es va plantejar una pregunta inicial a investigar a partir dels sabers del curr\u00edculum, i tamb\u00e9 es van plantejar si aquesta recerca havia de ser tipus bibliogr\u00e0fica o experimental. Seguint el m\u00e8tode cient\u00edfic van arribar a unes conclusions que els han fet confirmar o rebutja la seva hip\u00f2tesi inicial. <\/p>\n\n\n\n<p>L&#8217;alumnat es plantejava hip\u00f2tesis tals com:<\/p>\n\n\n\n<p>&#8211; Durant l&#8217;ovulaci\u00f3, el desig sexual de les dones augmenta per tal d&#8217;assegurar-ne la fecundaci\u00f3. <\/p>\n\n\n\n<p>A les ciutats hi ha m\u00e9s al\u00b7l\u00e8rgies que als pobles degut a la contaminaci\u00f3. <\/p>\n\n\n\n<p>L&#8217;Alzheimer \u00e9s causat per una mutaci\u00f3 en l&#8217;ADN.<\/p>\n\n\n\n<figure class=\"wp-block-image size-large is-resized\"><a href=\"https:\/\/agora.xtec.cat\/ietramuntana\/wp-content\/uploads\/usu3053\/2025\/03\/IMG_0143-1-scaled.jpg\"><img loading=\"lazy\" decoding=\"async\" width=\"1024\" height=\"768\" src=\"https:\/\/agora.xtec.cat\/ietramuntana\/wp-content\/uploads\/usu3053\/2025\/03\/IMG_0143-1-1024x768.jpg\" alt=\"\" class=\"wp-image-1060\" style=\"width:640px;height:auto\" srcset=\"https:\/\/agora.xtec.cat\/ietramuntana\/wp-content\/uploads\/usu3053\/2025\/03\/IMG_0143-1-1024x768.jpg 1024w, https:\/\/agora.xtec.cat\/ietramuntana\/wp-content\/uploads\/usu3053\/2025\/03\/IMG_0143-1-300x225.jpg 300w, https:\/\/agora.xtec.cat\/ietramuntana\/wp-content\/uploads\/usu3053\/2025\/03\/IMG_0143-1-768x576.jpg 768w, https:\/\/agora.xtec.cat\/ietramuntana\/wp-content\/uploads\/usu3053\/2025\/03\/IMG_0143-1-1536x1152.jpg 1536w, https:\/\/agora.xtec.cat\/ietramuntana\/wp-content\/uploads\/usu3053\/2025\/03\/IMG_0143-1-2048x1536.jpg 2048w, https:\/\/agora.xtec.cat\/ietramuntana\/wp-content\/uploads\/usu3053\/2025\/03\/IMG_0143-1-200x150.jpg 200w\" sizes=\"auto, (max-width: 1024px) 100vw, 1024px\" \/><\/a><\/figure>\n","protected":false},"excerpt":{"rendered":"<p>El dimecres 5 de mar\u00e7 els alumnes de quart d&#8217;ESO van poder explicar i ensenyar el que han apr\u00e8s durant el segon trimestre dins el marc de la mat\u00e8ria optativa de Biologia. Molts alumnes del centre van poder assistir i gaudir d&#8217;aquesta fira de coneixement, des d&#8217;alumnat de 6\u00e8 A, passant pels 4 cursos de [&hellip;]<\/p>\n","protected":false},"author":4,"featured_media":1059,"comment_status":"open","ping_status":"open","sticky":false,"template":"","format":"standard","meta":{"site-sidebar-layout":"default","site-content-layout":"","ast-site-content-layout":"","site-content-style":"default","site-sidebar-style":"default","ast-global-header-display":"","ast-banner-title-visibility":"","ast-main-header-display":"","ast-hfb-above-header-display":"","ast-hfb-below-header-display":"","ast-hfb-mobile-header-display":"","site-post-title":"","ast-breadcrumbs-content":"","ast-featured-img":"","footer-sml-layout":"","theme-transparent-header-meta":"","adv-header-id-meta":"","stick-header-meta":"","header-above-stick-meta":"","header-main-stick-meta":"","header-below-stick-meta":"","astra-migrate-meta-layouts":"default","ast-page-background-enabled":"default","ast-page-background-meta":{"desktop":{"background-color":"var(--ast-global-color-4)","background-image":"","background-repeat":"repeat","background-position":"center center","background-size":"auto","background-attachment":"scroll","background-type":"","background-media":"","overlay-type":"","overlay-color":"","overlay-opacity":"","overlay-gradient":""},"tablet":{"background-color":"","background-image":"","background-repeat":"repeat","background-position":"center center","background-size":"auto","background-attachment":"scroll","background-type":"","background-media":"","overlay-type":"","overlay-color":"","overlay-opacity":"","overlay-gradient":""},"mobile":{"background-color":"","background-image":"","background-repeat":"repeat","background-position":"center center","background-size":"auto","background-attachment":"scroll","background-type":"","background-media":"","overlay-type":"","overlay-color":"","overlay-opacity":"","overlay-gradient":""}},"ast-content-background-meta":{"desktop":{"background-color":"var(--ast-global-color-5)","background-image":"","background-repeat":"repeat","background-position":"center center","background-size":"auto","background-attachment":"scroll","background-type":"","background-media":"","overlay-type":"","overlay-color":"","overlay-opacity":"","overlay-gradient":""},"tablet":{"background-color":"var(--ast-global-color-5)","background-image":"","background-repeat":"repeat","background-position":"center center","background-size":"auto","background-attachment":"scroll","background-type":"","background-media":"","overlay-type":"","overlay-color":"","overlay-opacity":"","overlay-gradient":""},"mobile":{"background-color":"var(--ast-global-color-5)","background-image":"","background-repeat":"repeat","background-position":"center center","background-size":"auto","background-attachment":"scroll","background-type":"","background-media":"","overlay-type":"","overlay-color":"","overlay-opacity":"","overlay-gradient":""}},"footnotes":""},"categories":[77,7,1,4,72],"tags":[],"class_list":["post-1057","post","type-post","status-publish","format-standard","has-post-thumbnail","hentry","category-4-eso","category-afa","category-general","category-portada","category-secundaria"],"post_mailing_queue_ids":[],"_links":{"self":[{"href":"https:\/\/agora.xtec.cat\/ietramuntana\/wp-json\/wp\/v2\/posts\/1057","targetHints":{"allow":["GET"]}}],"collection":[{"href":"https:\/\/agora.xtec.cat\/ietramuntana\/wp-json\/wp\/v2\/posts"}],"about":[{"href":"https:\/\/agora.xtec.cat\/ietramuntana\/wp-json\/wp\/v2\/types\/post"}],"author":[{"embeddable":true,"href":"https:\/\/agora.xtec.cat\/ietramuntana\/wp-json\/wp\/v2\/users\/4"}],"replies":[{"embeddable":true,"href":"https:\/\/agora.xtec.cat\/ietramuntana\/wp-json\/wp\/v2\/comments?post=1057"}],"version-history":[{"count":3,"href":"https:\/\/agora.xtec.cat\/ietramuntana\/wp-json\/wp\/v2\/posts\/1057\/revisions"}],"predecessor-version":[{"id":1107,"href":"https:\/\/agora.xtec.cat\/ietramuntana\/wp-json\/wp\/v2\/posts\/1057\/revisions\/1107"}],"wp:featuredmedia":[{"embeddable":true,"href":"https:\/\/agora.xtec.cat\/ietramuntana\/wp-json\/wp\/v2\/media\/1059"}],"wp:attachment":[{"href":"https:\/\/agora.xtec.cat\/ietramuntana\/wp-json\/wp\/v2\/media?parent=1057"}],"wp:term":[{"taxonomy":"category","embeddable":true,"href":"https:\/\/agora.xtec.cat\/ietramuntana\/wp-json\/wp\/v2\/categories?post=1057"},{"taxonomy":"post_tag","embeddable":true,"href":"https:\/\/agora.xtec.cat\/ietramuntana\/wp-json\/wp\/v2\/tags?post=1057"}],"curies":[{"name":"wp","href":"https:\/\/api.w.org\/{rel}","templated":true}]}}