{"id":1040,"date":"2025-03-10T10:11:38","date_gmt":"2025-03-10T09:11:38","guid":{"rendered":"https:\/\/agora.xtec.cat\/ietramuntana\/?p=1040"},"modified":"2025-06-17T13:58:10","modified_gmt":"2025-06-17T11:58:10","slug":"comenca-el-proces-de-canvi-de-nom","status":"publish","type":"post","link":"https:\/\/agora.xtec.cat\/ietramuntana\/general\/comenca-el-proces-de-canvi-de-nom\/","title":{"rendered":"Comen\u00e7a el proc\u00e9s de canvi de nom"},"content":{"rendered":"\n<figure class=\"wp-block-image size-large\"><a href=\"https:\/\/agora.xtec.cat\/ietramuntana\/wp-content\/uploads\/usu3053\/2025\/03\/IE-Canvi-de-Nom-IG1.png\"><img loading=\"lazy\" decoding=\"async\" width=\"819\" height=\"1024\" src=\"https:\/\/agora.xtec.cat\/ietramuntana\/wp-content\/uploads\/usu3053\/2025\/03\/IE-Canvi-de-Nom-IG1-819x1024.png\" alt=\"\" class=\"wp-image-1045\" srcset=\"https:\/\/agora.xtec.cat\/ietramuntana\/wp-content\/uploads\/usu3053\/2025\/03\/IE-Canvi-de-Nom-IG1-819x1024.png 819w, https:\/\/agora.xtec.cat\/ietramuntana\/wp-content\/uploads\/usu3053\/2025\/03\/IE-Canvi-de-Nom-IG1-240x300.png 240w, https:\/\/agora.xtec.cat\/ietramuntana\/wp-content\/uploads\/usu3053\/2025\/03\/IE-Canvi-de-Nom-IG1-768x960.png 768w, https:\/\/agora.xtec.cat\/ietramuntana\/wp-content\/uploads\/usu3053\/2025\/03\/IE-Canvi-de-Nom-IG1.png 1080w\" sizes=\"auto, (max-width: 819px) 100vw, 819px\" \/><\/a><\/figure>\n\n\n\n<p><strong>Elecci\u00f3 del nou nom del nostre Institut Escola: Un proc\u00e9s participatiu<\/strong><\/p>\n\n\n\n<p>El nostre institut escola est\u00e0 immers en un proc\u00e9s de canvi de nom, i volem que tota la comunitat educativa en sigui part\u00edcip. Per aquest motiu, hem dissenyat un proc\u00e9s col\u00b7laboratiu on l\u2019opini\u00f3 de tothom compta.<\/p>\n\n\n\n<h3 class=\"wp-block-heading\"><strong>Un proc\u00e9s obert i participatiu<\/strong><\/h3>\n\n\n\n<p>En una primera fase, vam obrir la possibilitat que qualsevol membre de la comunitat educativa pogu\u00e9s proposar noms seguint uns criteris establerts. D\u2019entre totes les propostes rebudes, una comissi\u00f3 formada per fam\u00edlies, docents, alumnat i PAS va seleccionar tres opcions finalistes. Ja coneixen els noms, ara \u00e9s el moment d&#8217;endinsar-nos en quin \u00e9s el seu significat.<\/p>\n\n\n\n<p><strong>3 noms connectats al nostre territori<\/strong><\/p>\n\n\n\n<p>Per escollir el nom de la nostra escola, hem volgut posar en valor la identitat i la hist\u00f2ria del nostre territori. Per aix\u00f2, hem seleccionat tres noms que hi estan estretament lligats, cadascun amb un significat especial que reflecteix el paisatge, la cultura i les arrels de la nostra comunitat. Aquesta tria refor\u00e7a el vincle amb l&#8217;entorn, i ens convida a con\u00e8ixer el patrimoni que ens envolta.&nbsp;<\/p>\n\n\n\n<ol class=\"wp-block-list\">\n<li><a href=\"https:\/\/drive.google.com\/file\/d\/1sZqi-DWF_KqXFeJgpRlio06NDcPxfzyy\/view?usp=drive_link\"><strong>Institut escola Elisa Garcia<\/strong><\/a><\/li>\n\n\n\n<li><a href=\"https:\/\/drive.google.com\/file\/d\/1IMzo0DJb4YCUBIvzPrK5IfXOq4wOPRgJ\/view?usp=drive_link\"><strong>Institut escola Les Filadores de Sant Andreu<\/strong><\/a><\/li>\n\n\n\n<li><a href=\"https:\/\/drive.google.com\/file\/d\/1iAYceBNLRZ8iq5P1nPSZvp4hvV6k1Kzj\/view?usp=drive_link\"><strong>Institut escola Tramuntana<\/strong>\u00a0<\/a><\/li>\n<\/ol>\n\n\n\n<h3 class=\"wp-block-heading\"><strong>Com es far\u00e0 la campanya informativa?<\/strong><\/h3>\n\n\n\n<p>Per garantir que la votaci\u00f3 sigui informada, durant les pr\u00f2ximes tres setmanes es far\u00e0 una campanya de difusi\u00f3 de les tres propostes seleccionades:<\/p>\n\n\n\n<ul class=\"wp-block-list\">\n<li><strong>Cartells informatius<\/strong> als vest\u00edbuls del centre, on es podr\u00e0 llegir informaci\u00f3 sobre cada nom.<\/li>\n\n\n\n<li><strong>Espais de reflexi\u00f3 i debat<\/strong>: Aquests cartells inclouran espais perqu\u00e8 treballadors i estudiants puguin deixar els seus comentaris i opinions.<\/li>\n\n\n\n<li><strong>Treball a les aules<\/strong>: A infantil i prim\u00e0ria, l\u2019alumnat de 5\u00e8 explicar\u00e0 les propostes als m\u00e9s petits. A secund\u00e0ria, es crearan v\u00eddeos explicatius que es presentaran a prim\u00e0ria. A m\u00e9s, es realitzaran petits debats a les aules per aprofundir en el significat de cada proposta.<\/li>\n\n\n\n<li><strong>Participaci\u00f3 de les fam\u00edlies<\/strong>: Animem a les fam\u00edlies a parlar del tema a casa per fer reflexionar els infants sobre la import\u00e0ncia d\u2019aquest proc\u00e9s.<\/li>\n<\/ul>\n\n\n\n<h3 class=\"wp-block-heading\"><strong>Calendari de votacions<\/strong><\/h3>\n\n\n\n<p>La votaci\u00f3 tindr\u00e0 lloc la setmana del 24 al 28 de mar\u00e7, i es realitzar\u00e0 de manera presencial en diferents moments segons el col\u00b7lectiu:<\/p>\n\n\n\n<ul class=\"wp-block-list\">\n<li><strong>Equip educatiu, PAS, cuina i personal de serveis:<\/strong>\n<ul class=\"wp-block-list\">\n<li>\ud83d\udcc5 Dimecres 26 de mar\u00e7<\/li>\n\n\n\n<li>\ud83d\udd57 De 14:00 h a 16:00 h<\/li>\n<\/ul>\n<\/li>\n\n\n\n<li><strong>Alumnat:<\/strong>\n<ul class=\"wp-block-list\">\n<li>Infantil i fins a 2n de prim\u00e0ria: vot per classe durant la setmana, mitjan\u00e7ant una conversa d\u2019aula.<\/li>\n\n\n\n<li>Prim\u00e0ria a partir de 3r: dimarts i divendres durant l\u2019hora del pati.<\/li>\n\n\n\n<li>Secund\u00e0ria: dimarts (3r i 4t) i divendres (1r i 2n) durant l\u2019hora del pati.<\/li>\n<\/ul>\n<\/li>\n\n\n\n<li><strong>Fam\u00edlies, divendres 28 de mar\u00e7:<\/strong>\n<ul class=\"wp-block-list\">\n<li>\ud83d\udcc5 Mat\u00ed: de 8:15 h a 9:30 h<\/li>\n\n\n\n<li>\ud83d\udcc5 Tarda: de 14:00 h a 18:00 h<\/li>\n<\/ul>\n<\/li>\n<\/ul>\n\n\n\n<p>Per garantir que el resultat sigui representatiu, els vots es ponderaran equitativament entre els tres col\u00b7lectius (fam\u00edlies, alumnat i treballadors), assignant un 33% del pes de la decisi\u00f3 a cadascun.<\/p>\n\n\n\n<h3 class=\"wp-block-heading\"><strong>Un moment \u00fanic per a tota la comunitat<\/strong><\/h3>\n\n\n\n<p>Aquest proc\u00e9s \u00e9s una gran oportunitat per exercir la participaci\u00f3 democr\u00e0tica dins del nostre centre. Triar el nom del nostre institut escola \u00e9s un fet hist\u00f2ric, i volem que tots els membres de la comunitat educativa se sentin implicats i orgullosos de la decisi\u00f3 final.<\/p>\n\n\n\n<p>Gr\u00e0cies per la vostra implicaci\u00f3 i per fer d\u2019aquest proc\u00e9s una experi\u00e8ncia enriquidora per a tothom!<\/p>\n","protected":false},"excerpt":{"rendered":"<p>Elecci\u00f3 del nou nom del nostre Institut Escola: Un proc\u00e9s participatiu El nostre institut escola est\u00e0 immers en un proc\u00e9s de canvi de nom, i volem que tota la comunitat educativa en sigui part\u00edcip. Per aquest motiu, hem dissenyat un proc\u00e9s col\u00b7laboratiu on l\u2019opini\u00f3 de tothom compta. Un proc\u00e9s obert i participatiu En una primera [&hellip;]<\/p>\n","protected":false},"author":6,"featured_media":1055,"comment_status":"open","ping_status":"open","sticky":false,"template":"","format":"standard","meta":{"site-sidebar-layout":"default","site-content-layout":"","ast-site-content-layout":"","site-content-style":"default","site-sidebar-style":"default","ast-global-header-display":"","ast-banner-title-visibility":"","ast-main-header-display":"","ast-hfb-above-header-display":"","ast-hfb-below-header-display":"","ast-hfb-mobile-header-display":"","site-post-title":"","ast-breadcrumbs-content":"","ast-featured-img":"","footer-sml-layout":"","theme-transparent-header-meta":"","adv-header-id-meta":"","stick-header-meta":"","header-above-stick-meta":"","header-main-stick-meta":"","header-below-stick-meta":"","astra-migrate-meta-layouts":"default","ast-page-background-enabled":"default","ast-page-background-meta":{"desktop":{"background-color":"var(--ast-global-color-4)","background-image":"","background-repeat":"repeat","background-position":"center center","background-size":"auto","background-attachment":"scroll","background-type":"","background-media":"","overlay-type":"","overlay-color":"","overlay-opacity":"","overlay-gradient":""},"tablet":{"background-color":"","background-image":"","background-repeat":"repeat","background-position":"center center","background-size":"auto","background-attachment":"scroll","background-type":"","background-media":"","overlay-type":"","overlay-color":"","overlay-opacity":"","overlay-gradient":""},"mobile":{"background-color":"","background-image":"","background-repeat":"repeat","background-position":"center center","background-size":"auto","background-attachment":"scroll","background-type":"","background-media":"","overlay-type":"","overlay-color":"","overlay-opacity":"","overlay-gradient":""}},"ast-content-background-meta":{"desktop":{"background-color":"var(--ast-global-color-5)","background-image":"","background-repeat":"repeat","background-position":"center center","background-size":"auto","background-attachment":"scroll","background-type":"","background-media":"","overlay-type":"","overlay-color":"","overlay-opacity":"","overlay-gradient":""},"tablet":{"background-color":"var(--ast-global-color-5)","background-image":"","background-repeat":"repeat","background-position":"center center","background-size":"auto","background-attachment":"scroll","background-type":"","background-media":"","overlay-type":"","overlay-color":"","overlay-opacity":"","overlay-gradient":""},"mobile":{"background-color":"var(--ast-global-color-5)","background-image":"","background-repeat":"repeat","background-position":"center center","background-size":"auto","background-attachment":"scroll","background-type":"","background-media":"","overlay-type":"","overlay-color":"","overlay-opacity":"","overlay-gradient":""}},"footnotes":""},"categories":[7,1,4],"tags":[],"class_list":["post-1040","post","type-post","status-publish","format-standard","has-post-thumbnail","hentry","category-afa","category-general","category-portada"],"post_mailing_queue_ids":[],"_links":{"self":[{"href":"https:\/\/agora.xtec.cat\/ietramuntana\/wp-json\/wp\/v2\/posts\/1040","targetHints":{"allow":["GET"]}}],"collection":[{"href":"https:\/\/agora.xtec.cat\/ietramuntana\/wp-json\/wp\/v2\/posts"}],"about":[{"href":"https:\/\/agora.xtec.cat\/ietramuntana\/wp-json\/wp\/v2\/types\/post"}],"author":[{"embeddable":true,"href":"https:\/\/agora.xtec.cat\/ietramuntana\/wp-json\/wp\/v2\/users\/6"}],"replies":[{"embeddable":true,"href":"https:\/\/agora.xtec.cat\/ietramuntana\/wp-json\/wp\/v2\/comments?post=1040"}],"version-history":[{"count":1,"href":"https:\/\/agora.xtec.cat\/ietramuntana\/wp-json\/wp\/v2\/posts\/1040\/revisions"}],"predecessor-version":[{"id":1046,"href":"https:\/\/agora.xtec.cat\/ietramuntana\/wp-json\/wp\/v2\/posts\/1040\/revisions\/1046"}],"wp:featuredmedia":[{"embeddable":true,"href":"https:\/\/agora.xtec.cat\/ietramuntana\/wp-json\/wp\/v2\/media\/1055"}],"wp:attachment":[{"href":"https:\/\/agora.xtec.cat\/ietramuntana\/wp-json\/wp\/v2\/media?parent=1040"}],"wp:term":[{"taxonomy":"category","embeddable":true,"href":"https:\/\/agora.xtec.cat\/ietramuntana\/wp-json\/wp\/v2\/categories?post=1040"},{"taxonomy":"post_tag","embeddable":true,"href":"https:\/\/agora.xtec.cat\/ietramuntana\/wp-json\/wp\/v2\/tags?post=1040"}],"curies":[{"name":"wp","href":"https:\/\/api.w.org\/{rel}","templated":true}]}}