{"id":982,"date":"2023-01-24T14:01:24","date_gmt":"2023-01-24T13:01:24","guid":{"rendered":"https:\/\/agora.xtec.cat\/ietorrelles\/?p=982"},"modified":"2023-01-31T14:05:19","modified_gmt":"2023-01-31T13:05:19","slug":"projecte-de-les-masies-entrevista-a-lescola","status":"publish","type":"post","link":"https:\/\/agora.xtec.cat\/ietorrelles\/eso-2\/primaria\/projecte-de-les-masies-entrevista-a-lescola\/","title":{"rendered":"Projecte de les Masies: Entrevista a l&#8217;escola!!!!"},"content":{"rendered":"<p>Aquesta setmana ha estat molt especial! Ens han vingut dues \u00e0vies i un avi de les nostres classes a explicar-nos de primera m\u00e0 les masies de Torrelles. Aquesta viv\u00e8ncia ha estat espectacular. Si voleu veure fotografies, ho podeu fer a la carpeta compartida.<\/p>\n","protected":false},"excerpt":{"rendered":"<p>Aquesta setmana ha estat molt especial! Ens han vingut dues \u00e0vies i un avi de les nostres classes a explicar-nos de primera m\u00e0 les masies de Torrelles. Aquesta viv\u00e8ncia ha estat espectacular. Si voleu veure fotografies, ho podeu fer a la carpeta compartida.<\/p>\n","protected":false},"author":68,"featured_media":983,"comment_status":"open","ping_status":"closed","sticky":false,"template":"","format":"standard","meta":{"_bbp_topic_count":0,"_bbp_reply_count":0,"_bbp_total_topic_count":0,"_bbp_total_reply_count":0,"_bbp_voice_count":0,"_bbp_anonymous_reply_count":0,"_bbp_topic_count_hidden":0,"_bbp_reply_count_hidden":0,"_bbp_forum_subforum_count":0,"footnotes":""},"categories":[15,5],"tags":[],"class_list":["post-982","post","type-post","status-publish","format-standard","has-post-thumbnail","hentry","category-6e","category-primaria"],"post_mailing_queue_ids":[],"_links":{"self":[{"href":"https:\/\/agora.xtec.cat\/ietorrelles\/wp-json\/wp\/v2\/posts\/982","targetHints":{"allow":["GET"]}}],"collection":[{"href":"https:\/\/agora.xtec.cat\/ietorrelles\/wp-json\/wp\/v2\/posts"}],"about":[{"href":"https:\/\/agora.xtec.cat\/ietorrelles\/wp-json\/wp\/v2\/types\/post"}],"author":[{"embeddable":true,"href":"https:\/\/agora.xtec.cat\/ietorrelles\/wp-json\/wp\/v2\/users\/68"}],"replies":[{"embeddable":true,"href":"https:\/\/agora.xtec.cat\/ietorrelles\/wp-json\/wp\/v2\/comments?post=982"}],"version-history":[{"count":1,"href":"https:\/\/agora.xtec.cat\/ietorrelles\/wp-json\/wp\/v2\/posts\/982\/revisions"}],"predecessor-version":[{"id":984,"href":"https:\/\/agora.xtec.cat\/ietorrelles\/wp-json\/wp\/v2\/posts\/982\/revisions\/984"}],"wp:featuredmedia":[{"embeddable":true,"href":"https:\/\/agora.xtec.cat\/ietorrelles\/wp-json\/wp\/v2\/media\/983"}],"wp:attachment":[{"href":"https:\/\/agora.xtec.cat\/ietorrelles\/wp-json\/wp\/v2\/media?parent=982"}],"wp:term":[{"taxonomy":"category","embeddable":true,"href":"https:\/\/agora.xtec.cat\/ietorrelles\/wp-json\/wp\/v2\/categories?post=982"},{"taxonomy":"post_tag","embeddable":true,"href":"https:\/\/agora.xtec.cat\/ietorrelles\/wp-json\/wp\/v2\/tags?post=982"}],"curies":[{"name":"wp","href":"https:\/\/api.w.org\/{rel}","templated":true}]}}