{"id":976,"date":"2023-01-31T13:49:04","date_gmt":"2023-01-31T12:49:04","guid":{"rendered":"https:\/\/agora.xtec.cat\/ietorrelles\/?p=976"},"modified":"2023-02-14T18:42:22","modified_gmt":"2023-02-14T17:42:22","slug":"marxem-a-visitar-les-nostres-masies","status":"publish","type":"post","link":"https:\/\/agora.xtec.cat\/ietorrelles\/eso-2\/primaria\/marxem-a-visitar-les-nostres-masies\/","title":{"rendered":"Marxem a visitar les nostres masies"},"content":{"rendered":"<p>L&#8217;alumnat de sis\u00e8 hem acabat el nostre projecte de les masies de Torrelles. Despr\u00e9s de cercar tota la informaci\u00f3 que necessit\u00e0vem i de dissenyar un pl\u00e0nol de les masies al poble, vam anar a visitar-les i poder veure-les de prop.<\/p>\n<p>Si voleu veure m\u00e9s fotografies, les trobareu a la carpeta compartida del DRIVE.<\/p>\n","protected":false},"excerpt":{"rendered":"<p>L&#8217;alumnat de sis\u00e8 hem acabat el nostre projecte de les masies de Torrelles. Despr\u00e9s de cercar tota la informaci\u00f3 que necessit\u00e0vem i de dissenyar un pl\u00e0nol de les masies al poble, vam anar a visitar-les i poder veure-les de prop.<br \/>\nSi voleu veure m\u00e9s fotografies, les&hellip;  <a href=\"https:\/\/agora.xtec.cat\/ietorrelles\/eso-2\/primaria\/marxem-a-visitar-les-nostres-masies\/\" title=\"Read Marxem a visitar les nostres masies\">Llegeix m\u00e9s\u00bb<\/a><\/p>\n","protected":false},"author":68,"featured_media":1038,"comment_status":"open","ping_status":"closed","sticky":false,"template":"","format":"standard","meta":{"_bbp_topic_count":0,"_bbp_reply_count":0,"_bbp_total_topic_count":0,"_bbp_total_reply_count":0,"_bbp_voice_count":0,"_bbp_anonymous_reply_count":0,"_bbp_topic_count_hidden":0,"_bbp_reply_count_hidden":0,"_bbp_forum_subforum_count":0,"footnotes":""},"categories":[15,5],"tags":[],"class_list":["post-976","post","type-post","status-publish","format-standard","has-post-thumbnail","hentry","category-6e","category-primaria"],"post_mailing_queue_ids":[],"_links":{"self":[{"href":"https:\/\/agora.xtec.cat\/ietorrelles\/wp-json\/wp\/v2\/posts\/976","targetHints":{"allow":["GET"]}}],"collection":[{"href":"https:\/\/agora.xtec.cat\/ietorrelles\/wp-json\/wp\/v2\/posts"}],"about":[{"href":"https:\/\/agora.xtec.cat\/ietorrelles\/wp-json\/wp\/v2\/types\/post"}],"author":[{"embeddable":true,"href":"https:\/\/agora.xtec.cat\/ietorrelles\/wp-json\/wp\/v2\/users\/68"}],"replies":[{"embeddable":true,"href":"https:\/\/agora.xtec.cat\/ietorrelles\/wp-json\/wp\/v2\/comments?post=976"}],"version-history":[{"count":1,"href":"https:\/\/agora.xtec.cat\/ietorrelles\/wp-json\/wp\/v2\/posts\/976\/revisions"}],"predecessor-version":[{"id":980,"href":"https:\/\/agora.xtec.cat\/ietorrelles\/wp-json\/wp\/v2\/posts\/976\/revisions\/980"}],"wp:featuredmedia":[{"embeddable":true,"href":"https:\/\/agora.xtec.cat\/ietorrelles\/wp-json\/wp\/v2\/media\/1038"}],"wp:attachment":[{"href":"https:\/\/agora.xtec.cat\/ietorrelles\/wp-json\/wp\/v2\/media?parent=976"}],"wp:term":[{"taxonomy":"category","embeddable":true,"href":"https:\/\/agora.xtec.cat\/ietorrelles\/wp-json\/wp\/v2\/categories?post=976"},{"taxonomy":"post_tag","embeddable":true,"href":"https:\/\/agora.xtec.cat\/ietorrelles\/wp-json\/wp\/v2\/tags?post=976"}],"curies":[{"name":"wp","href":"https:\/\/api.w.org\/{rel}","templated":true}]}}