{"id":899,"date":"2022-12-26T10:14:08","date_gmt":"2022-12-26T09:14:08","guid":{"rendered":"https:\/\/agora.xtec.cat\/ietorrelles\/?p=899"},"modified":"2022-12-26T10:16:55","modified_gmt":"2022-12-26T09:16:55","slug":"activitat-amb-families","status":"publish","type":"post","link":"https:\/\/agora.xtec.cat\/ietorrelles\/eso-2\/activitat-amb-families\/","title":{"rendered":"Postal de Nadal"},"content":{"rendered":"<p>Els dies 19 i 20 de desembre es van realitzar tallers oberts amb les fam\u00edlies amb l&#8217;objectiu de crear una felicitaci\u00f3 nadalenca. Les postals creades per infants i fam\u00edlies de P3 a 1r de l&#8217;ESO es van intercanviar entre els dos edificis del centre.<\/p>\n<p>Gr\u00e0cies a tots i totes per participar!<\/p>\n<p>Recordeu que podeu veure les fotos a la carpeta anomenada GENERAL CURS 22-23.<\/p>\n","protected":false},"excerpt":{"rendered":"<p>Els dies 19 i 20 de desembre es van realitzar tallers oberts amb les fam\u00edlies amb l&#8217;objectiu de crear una felicitaci\u00f3 nadalenca. Les postals creades per infants i fam\u00edlies de P3 a 1r de l&#8217;ESO es van intercanviar entre els dos edificis del centre.<br \/>\nGr\u00e0cies a&hellip;  <a href=\"https:\/\/agora.xtec.cat\/ietorrelles\/eso-2\/activitat-amb-families\/\" title=\"Read Postal de Nadal\">Llegeix m\u00e9s\u00bb<\/a><\/p>\n","protected":false},"author":1,"featured_media":900,"comment_status":"open","ping_status":"closed","sticky":false,"template":"","format":"standard","meta":{"_bbp_topic_count":0,"_bbp_reply_count":0,"_bbp_total_topic_count":0,"_bbp_total_reply_count":0,"_bbp_voice_count":0,"_bbp_anonymous_reply_count":0,"_bbp_topic_count_hidden":0,"_bbp_reply_count_hidden":0,"_bbp_forum_subforum_count":0,"footnotes":""},"categories":[1],"tags":[],"class_list":["post-899","post","type-post","status-publish","format-standard","has-post-thumbnail","hentry","category-eso-2"],"post_mailing_queue_ids":[],"_links":{"self":[{"href":"https:\/\/agora.xtec.cat\/ietorrelles\/wp-json\/wp\/v2\/posts\/899","targetHints":{"allow":["GET"]}}],"collection":[{"href":"https:\/\/agora.xtec.cat\/ietorrelles\/wp-json\/wp\/v2\/posts"}],"about":[{"href":"https:\/\/agora.xtec.cat\/ietorrelles\/wp-json\/wp\/v2\/types\/post"}],"author":[{"embeddable":true,"href":"https:\/\/agora.xtec.cat\/ietorrelles\/wp-json\/wp\/v2\/users\/1"}],"replies":[{"embeddable":true,"href":"https:\/\/agora.xtec.cat\/ietorrelles\/wp-json\/wp\/v2\/comments?post=899"}],"version-history":[{"count":2,"href":"https:\/\/agora.xtec.cat\/ietorrelles\/wp-json\/wp\/v2\/posts\/899\/revisions"}],"predecessor-version":[{"id":903,"href":"https:\/\/agora.xtec.cat\/ietorrelles\/wp-json\/wp\/v2\/posts\/899\/revisions\/903"}],"wp:featuredmedia":[{"embeddable":true,"href":"https:\/\/agora.xtec.cat\/ietorrelles\/wp-json\/wp\/v2\/media\/900"}],"wp:attachment":[{"href":"https:\/\/agora.xtec.cat\/ietorrelles\/wp-json\/wp\/v2\/media?parent=899"}],"wp:term":[{"taxonomy":"category","embeddable":true,"href":"https:\/\/agora.xtec.cat\/ietorrelles\/wp-json\/wp\/v2\/categories?post=899"},{"taxonomy":"post_tag","embeddable":true,"href":"https:\/\/agora.xtec.cat\/ietorrelles\/wp-json\/wp\/v2\/tags?post=899"}],"curies":[{"name":"wp","href":"https:\/\/api.w.org\/{rel}","templated":true}]}}