{"id":857,"date":"2022-11-25T12:26:50","date_gmt":"2022-11-25T11:26:50","guid":{"rendered":"https:\/\/agora.xtec.cat\/ietorrelles\/?p=857"},"modified":"2022-12-11T12:45:10","modified_gmt":"2022-12-11T11:45:10","slug":"25n-al-nostre-institut-escola","status":"publish","type":"post","link":"https:\/\/agora.xtec.cat\/ietorrelles\/eso-2\/25n-al-nostre-institut-escola\/","title":{"rendered":"25N Dia Internacional per l\u2019Erradicaci\u00f3 de la Viol\u00e8ncia vers les Dones"},"content":{"rendered":"<p>El passat dia 25 de novembre va ser el dia internacional contra la viol\u00e8ncia de g\u00e8nere, i amb motiu d&#8217;aquest dia emblem\u00e0tic, a l&#8217;Institut escola Torrelles de Llobregat, durant la setmana del 21 al 25\u00a0 es van dur a terme diferents activitats a totes les comunitats: PETITS, MITJANS, GRANS I JOVES. Les propostes van ser diverses i adaptades a cada nivell.<\/p>\n<p>Visionaments de curts i v\u00eddeos, lectura de contes, an\u00e0lisis de can\u00e7ons, origen de la hist\u00f2ria del dia 25N, estudi de dades estad\u00edstiques, reflexions i debats, i diferents propostes pl\u00e0stiques de car\u00e0cter coeducador. L&#8217;objectiu ha estat informar, sensibilitzar, coeducar i reivindicar aquest dia a fi de mostrar el rebuig vers la viol\u00e8ncia que colpeja nenes i dones i manifestar la necessitat de donar una resposta a la viol\u00e8ncia estructural que \u00e9s la viol\u00e8ncia masclista.<\/p>\n<p>Trobareu totes les imatges a la carpeta del Google Drive.<\/p>\n","protected":false},"excerpt":{"rendered":"<p>El passat dia 25 de novembre va ser el dia internacional contra la viol\u00e8ncia de g\u00e8nere, i amb motiu d&#8217;aquest dia emblem\u00e0tic, a l&#8217;Institut escola Torrelles de Llobregat, durant la setmana del 21 al 25\u00a0 es van dur a terme diferents activitats a totes les&hellip;  <a href=\"https:\/\/agora.xtec.cat\/ietorrelles\/eso-2\/25n-al-nostre-institut-escola\/\" title=\"Read 25N Dia Internacional per l\u2019Erradicaci\u00f3 de la Viol\u00e8ncia vers les Dones\">Llegeix m\u00e9s\u00bb<\/a><\/p>\n","protected":false},"author":68,"featured_media":858,"comment_status":"open","ping_status":"closed","sticky":false,"template":"","format":"standard","meta":{"_bbp_topic_count":0,"_bbp_reply_count":0,"_bbp_total_topic_count":0,"_bbp_total_reply_count":0,"_bbp_voice_count":0,"_bbp_anonymous_reply_count":0,"_bbp_topic_count_hidden":0,"_bbp_reply_count_hidden":0,"_bbp_forum_subforum_count":0,"footnotes":""},"categories":[1,2,5],"tags":[],"class_list":["post-857","post","type-post","status-publish","format-standard","has-post-thumbnail","hentry","category-eso-2","category-infantil","category-primaria"],"post_mailing_queue_ids":[],"_links":{"self":[{"href":"https:\/\/agora.xtec.cat\/ietorrelles\/wp-json\/wp\/v2\/posts\/857","targetHints":{"allow":["GET"]}}],"collection":[{"href":"https:\/\/agora.xtec.cat\/ietorrelles\/wp-json\/wp\/v2\/posts"}],"about":[{"href":"https:\/\/agora.xtec.cat\/ietorrelles\/wp-json\/wp\/v2\/types\/post"}],"author":[{"embeddable":true,"href":"https:\/\/agora.xtec.cat\/ietorrelles\/wp-json\/wp\/v2\/users\/68"}],"replies":[{"embeddable":true,"href":"https:\/\/agora.xtec.cat\/ietorrelles\/wp-json\/wp\/v2\/comments?post=857"}],"version-history":[{"count":3,"href":"https:\/\/agora.xtec.cat\/ietorrelles\/wp-json\/wp\/v2\/posts\/857\/revisions"}],"predecessor-version":[{"id":861,"href":"https:\/\/agora.xtec.cat\/ietorrelles\/wp-json\/wp\/v2\/posts\/857\/revisions\/861"}],"wp:featuredmedia":[{"embeddable":true,"href":"https:\/\/agora.xtec.cat\/ietorrelles\/wp-json\/wp\/v2\/media\/858"}],"wp:attachment":[{"href":"https:\/\/agora.xtec.cat\/ietorrelles\/wp-json\/wp\/v2\/media?parent=857"}],"wp:term":[{"taxonomy":"category","embeddable":true,"href":"https:\/\/agora.xtec.cat\/ietorrelles\/wp-json\/wp\/v2\/categories?post=857"},{"taxonomy":"post_tag","embeddable":true,"href":"https:\/\/agora.xtec.cat\/ietorrelles\/wp-json\/wp\/v2\/tags?post=857"}],"curies":[{"name":"wp","href":"https:\/\/api.w.org\/{rel}","templated":true}]}}