{"id":808,"date":"2022-11-02T00:39:46","date_gmt":"2022-11-01T23:39:46","guid":{"rendered":"https:\/\/agora.xtec.cat\/ietorrelles\/?p=808"},"modified":"2022-11-02T00:43:02","modified_gmt":"2022-11-01T23:43:02","slug":"inici-del-programa-consulta-oberta","status":"publish","type":"post","link":"https:\/\/agora.xtec.cat\/ietorrelles\/eso-2\/inici-del-programa-consulta-oberta\/","title":{"rendered":"Inici del programa Consulta Oberta"},"content":{"rendered":"<p>El proper divendres dia 4 de novembre iniciarem el programa de visites <em>&#8220;Consulta Oberta&#8221;.<\/em><\/p>\n<p><a href=\"https:\/\/agora.xtec.cat\/ietorrelles\/wp-content\/uploads\/usu2293\/2022\/11\/Screenshot-12.png\"><img loading=\"lazy\" decoding=\"async\" class=\"alignnone size-full wp-image-814\" src=\"https:\/\/agora.xtec.cat\/ietorrelles\/wp-content\/uploads\/usu2293\/2022\/11\/Screenshot-12.png\" alt=\"\" width=\"776\" height=\"548\" srcset=\"https:\/\/agora.xtec.cat\/ietorrelles\/wp-content\/uploads\/usu2293\/2022\/11\/Screenshot-12.png 776w, https:\/\/agora.xtec.cat\/ietorrelles\/wp-content\/uploads\/usu2293\/2022\/11\/Screenshot-12-300x212.png 300w, https:\/\/agora.xtec.cat\/ietorrelles\/wp-content\/uploads\/usu2293\/2022\/11\/Screenshot-12-768x542.png 768w\" sizes=\"auto, (max-width: 776px) 100vw, 776px\" \/><\/a><\/p>\n<p>Una infermera vindr\u00e0 al Centre un dia al mes per tal de respondre aquells dubtes o consultes que l&#8217;alumnat tingui, referents a temes de salut.<\/p>\n<p>Aquells alumnes que vulguin mantenir una entrevista amb la infermera hauran de sol\u00b7licitar-ho amb antel\u00b7laci\u00f3 al tutor o tutora del seu grup.<\/p>\n<p>Les consultes es faran de manera individual per tal de respectar la confidencialitat de tot el que es parli entre l&#8217;alumne\/a i la infermera.<\/p>\n<p>Les dates previstes s\u00f3n les seg\u00fcents:\u00a0 4\/11 (presentaci\u00f3), 25\/11, 16\/12, 27\/01, 17\/02, 24\/03, 28\/04 i 19\/05<\/p>\n<p>Us podeu descarregar el tr\u00edptic informatiu a l&#8217;enlla\u00e7 seg\u00fcent \u00a0<a href=\"https:\/\/agora.xtec.cat\/ietorrelles\/wp-content\/uploads\/usu2293\/2022\/11\/TRIPTIC-FAMILIES-1.pdf\">TRIPTIC-FAMILIES<\/a><\/p>\n","protected":false},"excerpt":{"rendered":"<p>El proper divendres dia 4 de novembre iniciarem el programa de visites &#8220;Consulta Oberta&#8221;.<br \/>\n<a href=\"https:\/\/agora.xtec.cat\/ietorrelles\/wp-content\/uploads\/usu2293\/2022\/11\/Screenshot-12.png\"><\/a><br \/>\nUna infermera vindr\u00e0 al Centre un dia al mes per tal de respondre aquells dubtes o consultes que l&#8217;alumnat tingui, referents a temes de salut.<br \/>\nAquells alumnes que vulguin mantenir una entrevista&hellip;  <a href=\"https:\/\/agora.xtec.cat\/ietorrelles\/eso-2\/inici-del-programa-consulta-oberta\/\" title=\"Read Inici del programa Consulta Oberta\">Llegeix m\u00e9s\u00bb<\/a><\/p>\n","protected":false},"author":1,"featured_media":0,"comment_status":"open","ping_status":"closed","sticky":false,"template":"","format":"standard","meta":{"_bbp_topic_count":0,"_bbp_reply_count":0,"_bbp_total_topic_count":0,"_bbp_total_reply_count":0,"_bbp_voice_count":0,"_bbp_anonymous_reply_count":0,"_bbp_topic_count_hidden":0,"_bbp_reply_count_hidden":0,"_bbp_forum_subforum_count":0,"footnotes":""},"categories":[63,64,65,66,1],"tags":[],"class_list":["post-808","post","type-post","status-publish","format-standard","hentry","category-1r-deso","category-2n-deso","category-3r-deso","category-4t-deso","category-eso-2"],"post_mailing_queue_ids":[],"_links":{"self":[{"href":"https:\/\/agora.xtec.cat\/ietorrelles\/wp-json\/wp\/v2\/posts\/808","targetHints":{"allow":["GET"]}}],"collection":[{"href":"https:\/\/agora.xtec.cat\/ietorrelles\/wp-json\/wp\/v2\/posts"}],"about":[{"href":"https:\/\/agora.xtec.cat\/ietorrelles\/wp-json\/wp\/v2\/types\/post"}],"author":[{"embeddable":true,"href":"https:\/\/agora.xtec.cat\/ietorrelles\/wp-json\/wp\/v2\/users\/1"}],"replies":[{"embeddable":true,"href":"https:\/\/agora.xtec.cat\/ietorrelles\/wp-json\/wp\/v2\/comments?post=808"}],"version-history":[{"count":3,"href":"https:\/\/agora.xtec.cat\/ietorrelles\/wp-json\/wp\/v2\/posts\/808\/revisions"}],"predecessor-version":[{"id":816,"href":"https:\/\/agora.xtec.cat\/ietorrelles\/wp-json\/wp\/v2\/posts\/808\/revisions\/816"}],"wp:attachment":[{"href":"https:\/\/agora.xtec.cat\/ietorrelles\/wp-json\/wp\/v2\/media?parent=808"}],"wp:term":[{"taxonomy":"category","embeddable":true,"href":"https:\/\/agora.xtec.cat\/ietorrelles\/wp-json\/wp\/v2\/categories?post=808"},{"taxonomy":"post_tag","embeddable":true,"href":"https:\/\/agora.xtec.cat\/ietorrelles\/wp-json\/wp\/v2\/tags?post=808"}],"curies":[{"name":"wp","href":"https:\/\/api.w.org\/{rel}","templated":true}]}}