{"id":804,"date":"2022-11-10T22:37:42","date_gmt":"2022-11-10T21:37:42","guid":{"rendered":"https:\/\/agora.xtec.cat\/ietorrelles\/?p=804"},"modified":"2022-12-26T10:15:19","modified_gmt":"2022-12-26T09:15:19","slug":"en-malang-de-fandema-ens-visita","status":"publish","type":"post","link":"https:\/\/agora.xtec.cat\/ietorrelles\/eso-2\/en-malang-de-fandema-ens-visita\/","title":{"rendered":"En Malang de Fandema ens visita"},"content":{"rendered":"<p><span style=\"font-family: Arial, serif;\"><span lang=\"ca-ES\">Aquest darrer mes d&#8217;octubre vam tornar a rebre la visita d&#8217;en Malang Sambou. Va poder estar amb l&#8217;alumnat de 2n i 4t de l&#8217;ESO i de 6\u00e8 de Prim\u00e0ria.<\/span><\/span><\/p>\n<p><span style=\"font-family: Arial, serif;\"><span lang=\"ca-ES\">La conversa de Malang amb els alumnes de <\/span><\/span><span style=\"font-family: Arial, serif;\"><span lang=\"ca-ES\"><b>2n<\/b><\/span><\/span> <span style=\"font-family: Arial, serif;\"><span lang=\"ca-ES\"><b>d\u2019ESO<\/b><\/span><\/span><span style=\"font-family: Arial, serif;\"><span lang=\"ca-ES\"> ens ha obert noves finestres de coneixements i valors del m\u00f3n de G\u00e0mbia i \u00c0frica. Hem apr\u00e8s sobre el seu sistema educatiu, sobre el fet que l&#8217;educaci\u00f3 va molt vinculada amb estimar, sobre el paper de les dones a la societat, sobre el valor i el costum de cantar i ballar i un munt d&#8217;altres coses que ens enriqueixen la mirada sobre el m\u00f3n.\u00a0<\/span><\/span><\/p>\n<p><span style=\"font-family: Arial, serif;\"><span lang=\"ca-ES\">Tal com ja us vam comunicar en la publicaci\u00f3 anterior, el Malang havia demanat als infants de <\/span><\/span><span style=\"font-family: Arial, serif;\"><span lang=\"ca-ES\"><b>6\u00e8 de Prim\u00e0ria<\/b><\/span><\/span><span style=\"font-family: Arial, serif;\"><span lang=\"ca-ES\"> que fessin una petita cerca d&#8217;informaci\u00f3 que ahir vam comentar, i conjuntament vam elaborar &#8220;bissap juice&#8221;. Mentre prepar\u00e0vem la beguda, ens va explicar que \u00e9s una beguda molt t\u00edpica a G\u00e0mbia i a el Senegal, i tamb\u00e9 a Egipte (on s&#8217;anomena de manera diferent). Ens va explicar que &#8220;bissap&#8221; \u00e9s com \u00e9s coneguda en W\u00f2lof, i ens va ensenyar a dir-ho en Mandinka &#8220;wonjo&#8221;. Amb ell hem apr\u00e8s les propietats i la import\u00e0ncia d&#8217;aquesta beguda t\u00edpica, aix\u00ed com la necessitat d&#8217;elaborar-la amb les mans netes. Ara sabem que nom\u00e9s s&#8217;utilitzen les flors ben seques de l&#8217;ibiscus per elaborar-la, i ens ha explicat com les assequen ells all\u00e0, un proc\u00e9s molt interessant.<br \/>\n<\/span><\/span><span style=\"font-family: Arial, serif;\"><span lang=\"ca-ES\">Ens ha dit que en la seva propera visita ens portar\u00e0 llavors de l&#8217;ibiscus d&#8217;on s&#8217;obt\u00e9 el bissap perqu\u00e8 puguem intentar fer-ne cr\u00e9ixer aqu\u00ed a l&#8217;escola. A veure si ho aconseguim!<\/span><\/span><span style=\"font-family: Arial, serif;\"><span lang=\"ca-ES\"><br \/>\n<\/span><\/span><span style=\"font-family: Arial, serif;\"><span lang=\"ca-ES\">Com sempre, tot l&#8217;alumnat ha gaudit i apr\u00e8s molt d&#8217;aquesta visita i ja esperen amb il\u00b7lusi\u00f3 la propera.<\/span><\/span><\/p>\n<p>A <span style=\"font-family: Arial, serif;\"><span lang=\"ca-ES\"><b>4t d&#8217;ESO<\/b><\/span><\/span><span style=\"font-family: Arial, serif;\"><span lang=\"ca-ES\"> els dos grups van rebre al Malang amb molta expectaci\u00f3, ja que, alguns d&#8217;ells el recordaven pel projecte que van estar treballant a 5\u00e9 de prim\u00e0ria. A m\u00e9s a m\u00e9s, aquesta visita ha estat una part important i un element molt motivador pel projecte que estan treballant en petits grups a les classes d&#8217;angl\u00e8s. L&#8217;experi\u00e8ncia ha estat molt enriquidora i l&#8217;alumnat es va mostrar molt interessat en tot el que el nostre convidat anava explicant. El Malang va compartir les seves viv\u00e8ncies tant al \u00c0frica com a Torrelles, aix\u00ed com la seva inspiradora traject\u00f2ria personal. A m\u00e9s a m\u00e9s, els alumnes van aprofitar per fer-li preguntes m\u00e9s espec\u00edfiques sobre FANDEMA (Centre formador a Tujereng), tema principal que aquests grups estan treballant a les classes d&#8217;angl\u00e8s. En aquest sentit, el Malang va compartir els principals assoliments de FANDEMA fins avui, aix\u00ed com els projectes en els quals aquesta entitat est\u00e0 treballant en l&#8217;actualitat. Ara, \u00e9s el torn del nostres alumnes, els quals han de compartir aquesta experi\u00e8ncia amb altres grups de prim\u00e0ria i secund\u00e0ria del nostre Institut Escola.<\/span><\/span><\/p>\n<p><span style=\"font-family: Arial, serif;\"><span lang=\"ca-ES\">Moltes gr\u00e0cies Malang per tota l&#8217;estona que ens dediques i tot el coneixement que aportes als nostres infants.<\/span><\/span><\/p>\n<p><span style=\"font-family: Arial, serif;\"><span lang=\"ca-ES\">Podeu veure les fotos a les carpetes de cada promoci\u00f3.<\/span><\/span><\/p>\n<p style=\"text-align: center;\">\n","protected":false},"excerpt":{"rendered":"<p>Aquest darrer mes d&#8217;octubre vam tornar a rebre la visita d&#8217;en Malang Sambou. Va poder estar amb l&#8217;alumnat de 2n i 4t de l&#8217;ESO i de 6\u00e8 de Prim\u00e0ria.<br \/>\nLa conversa de Malang amb els alumnes de 2n d\u2019ESO ens ha obert noves finestres de coneixements&hellip;  <a href=\"https:\/\/agora.xtec.cat\/ietorrelles\/eso-2\/en-malang-de-fandema-ens-visita\/\" title=\"Read En Malang de Fandema ens visita\">Llegeix m\u00e9s\u00bb<\/a><\/p>\n","protected":false},"author":68,"featured_media":805,"comment_status":"open","ping_status":"closed","sticky":false,"template":"","format":"standard","meta":{"_bbp_topic_count":0,"_bbp_reply_count":0,"_bbp_total_topic_count":0,"_bbp_total_reply_count":0,"_bbp_voice_count":0,"_bbp_anonymous_reply_count":0,"_bbp_topic_count_hidden":0,"_bbp_reply_count_hidden":0,"_bbp_forum_subforum_count":0,"footnotes":""},"categories":[15,1,5],"tags":[107,104,97,98,102,103,106,105],"class_list":["post-804","post","type-post","status-publish","format-standard","has-post-thumbnail","hentry","category-6e","category-eso-2","category-primaria","tag-agermanament","tag-cooperacio-internacional","tag-fandema","tag-gambia","tag-primaria","tag-secundaria","tag-torrelles-de-llobregat","tag-tujereng"],"post_mailing_queue_ids":[],"_links":{"self":[{"href":"https:\/\/agora.xtec.cat\/ietorrelles\/wp-json\/wp\/v2\/posts\/804","targetHints":{"allow":["GET"]}}],"collection":[{"href":"https:\/\/agora.xtec.cat\/ietorrelles\/wp-json\/wp\/v2\/posts"}],"about":[{"href":"https:\/\/agora.xtec.cat\/ietorrelles\/wp-json\/wp\/v2\/types\/post"}],"author":[{"embeddable":true,"href":"https:\/\/agora.xtec.cat\/ietorrelles\/wp-json\/wp\/v2\/users\/68"}],"replies":[{"embeddable":true,"href":"https:\/\/agora.xtec.cat\/ietorrelles\/wp-json\/wp\/v2\/comments?post=804"}],"version-history":[{"count":3,"href":"https:\/\/agora.xtec.cat\/ietorrelles\/wp-json\/wp\/v2\/posts\/804\/revisions"}],"predecessor-version":[{"id":902,"href":"https:\/\/agora.xtec.cat\/ietorrelles\/wp-json\/wp\/v2\/posts\/804\/revisions\/902"}],"wp:featuredmedia":[{"embeddable":true,"href":"https:\/\/agora.xtec.cat\/ietorrelles\/wp-json\/wp\/v2\/media\/805"}],"wp:attachment":[{"href":"https:\/\/agora.xtec.cat\/ietorrelles\/wp-json\/wp\/v2\/media?parent=804"}],"wp:term":[{"taxonomy":"category","embeddable":true,"href":"https:\/\/agora.xtec.cat\/ietorrelles\/wp-json\/wp\/v2\/categories?post=804"},{"taxonomy":"post_tag","embeddable":true,"href":"https:\/\/agora.xtec.cat\/ietorrelles\/wp-json\/wp\/v2\/tags?post=804"}],"curies":[{"name":"wp","href":"https:\/\/api.w.org\/{rel}","templated":true}]}}