{"id":792,"date":"2022-11-01T21:44:43","date_gmt":"2022-11-01T20:44:43","guid":{"rendered":"https:\/\/agora.xtec.cat\/ietorrelles\/?p=792"},"modified":"2022-11-26T12:52:16","modified_gmt":"2022-11-26T11:52:16","slug":"halloween-a-4t-i-5e","status":"publish","type":"post","link":"https:\/\/agora.xtec.cat\/ietorrelles\/eso-2\/primaria\/halloween-a-4t-i-5e\/","title":{"rendered":"Halloween a 4t i 5\u00e8"},"content":{"rendered":"<p>Aquesta \u00faltima setmana les mestres d&#8217;angl\u00e8s de la comunitat de grans hem dedicat les sessions a treballar a fons la celebraci\u00f3 de Halloween. Els infants de 4t i 5\u00e8 han gaudit fent un conjunt d&#8217;activitats de vocabulari amb jocs i fitxes i un petit &#8220;escape room&#8221;. L&#8217;alumnat ha realitzat totes les activitats tots barrejats en petits grups que han treballat de manera cooperativa. Ha estat molt agradable veure com gaudeixen fent activitats de caire m\u00e9s l\u00fadic i jocs per aprendre tot ajudant-se entre ells i podent-se anar coneixent millor amb els companys\/es de les altres classes.<\/p>\n<p>El recull de fotos el podeu veure amb l&#8217;enlla\u00e7 de fotos que us vam enviar. <a href=\"https:\/\/agora.xtec.cat\/ietorrelles\/wp-content\/uploads\/usu2293\/2022\/10\/007-bat.png\"><img loading=\"lazy\" decoding=\"async\" class=\"alignnone wp-image-796\" src=\"https:\/\/agora.xtec.cat\/ietorrelles\/wp-content\/uploads\/usu2293\/2022\/10\/007-bat.png\" alt=\"\" width=\"45\" height=\"45\" srcset=\"https:\/\/agora.xtec.cat\/ietorrelles\/wp-content\/uploads\/usu2293\/2022\/10\/007-bat.png 512w, https:\/\/agora.xtec.cat\/ietorrelles\/wp-content\/uploads\/usu2293\/2022\/10\/007-bat-300x300.png 300w, https:\/\/agora.xtec.cat\/ietorrelles\/wp-content\/uploads\/usu2293\/2022\/10\/007-bat-150x150.png 150w\" sizes=\"auto, (max-width: 45px) 100vw, 45px\" \/><\/a><\/p>\n","protected":false},"excerpt":{"rendered":"<p>Aquesta \u00faltima setmana les mestres d&#8217;angl\u00e8s de la comunitat de grans hem dedicat les sessions a treballar a fons la celebraci\u00f3 de Halloween. Els infants de 4t i 5\u00e8 han gaudit fent un conjunt d&#8217;activitats de vocabulari amb jocs i fitxes i un petit &#8220;escape&hellip;  <a href=\"https:\/\/agora.xtec.cat\/ietorrelles\/eso-2\/primaria\/halloween-a-4t-i-5e\/\" title=\"Read Halloween a 4t i 5\u00e8\">Llegeix m\u00e9s\u00bb<\/a><\/p>\n","protected":false},"author":1,"featured_media":799,"comment_status":"open","ping_status":"closed","sticky":false,"template":"","format":"standard","meta":{"_bbp_topic_count":0,"_bbp_reply_count":0,"_bbp_total_topic_count":0,"_bbp_total_reply_count":0,"_bbp_voice_count":0,"_bbp_anonymous_reply_count":0,"_bbp_topic_count_hidden":0,"_bbp_reply_count_hidden":0,"_bbp_forum_subforum_count":0,"footnotes":""},"categories":[13,14,5],"tags":[99,101,100],"class_list":["post-792","post","type-post","status-publish","format-standard","has-post-thumbnail","hentry","category-4t","category-5e","category-primaria","tag-english","tag-grans","tag-halloween"],"post_mailing_queue_ids":[],"_links":{"self":[{"href":"https:\/\/agora.xtec.cat\/ietorrelles\/wp-json\/wp\/v2\/posts\/792","targetHints":{"allow":["GET"]}}],"collection":[{"href":"https:\/\/agora.xtec.cat\/ietorrelles\/wp-json\/wp\/v2\/posts"}],"about":[{"href":"https:\/\/agora.xtec.cat\/ietorrelles\/wp-json\/wp\/v2\/types\/post"}],"author":[{"embeddable":true,"href":"https:\/\/agora.xtec.cat\/ietorrelles\/wp-json\/wp\/v2\/users\/1"}],"replies":[{"embeddable":true,"href":"https:\/\/agora.xtec.cat\/ietorrelles\/wp-json\/wp\/v2\/comments?post=792"}],"version-history":[{"count":3,"href":"https:\/\/agora.xtec.cat\/ietorrelles\/wp-json\/wp\/v2\/posts\/792\/revisions"}],"predecessor-version":[{"id":852,"href":"https:\/\/agora.xtec.cat\/ietorrelles\/wp-json\/wp\/v2\/posts\/792\/revisions\/852"}],"wp:featuredmedia":[{"embeddable":true,"href":"https:\/\/agora.xtec.cat\/ietorrelles\/wp-json\/wp\/v2\/media\/799"}],"wp:attachment":[{"href":"https:\/\/agora.xtec.cat\/ietorrelles\/wp-json\/wp\/v2\/media?parent=792"}],"wp:term":[{"taxonomy":"category","embeddable":true,"href":"https:\/\/agora.xtec.cat\/ietorrelles\/wp-json\/wp\/v2\/categories?post=792"},{"taxonomy":"post_tag","embeddable":true,"href":"https:\/\/agora.xtec.cat\/ietorrelles\/wp-json\/wp\/v2\/tags?post=792"}],"curies":[{"name":"wp","href":"https:\/\/api.w.org\/{rel}","templated":true}]}}