{"id":745,"date":"2022-11-07T23:01:52","date_gmt":"2022-11-07T22:01:52","guid":{"rendered":"https:\/\/agora.xtec.cat\/ietorrelles\/?p=745"},"modified":"2022-11-08T10:19:22","modified_gmt":"2022-11-08T09:19:22","slug":"classes-de-padel-amb-els-alumnes-de-3r-de-la-eso-de-lie-torrelles","status":"publish","type":"post","link":"https:\/\/agora.xtec.cat\/ietorrelles\/eso-2\/classes-de-padel-amb-els-alumnes-de-3r-de-la-eso-de-lie-torrelles\/","title":{"rendered":"Classes de p\u00e0del amb els alumnes de 3r de la ESO de l&#8217;IE Torrelles"},"content":{"rendered":"<p>De nou aquest curs, els alumnes de <strong>3r de la ESO<\/strong> de l&#8217;Institut Escola de Torrelles realitzen durant el primer trimestre <em><strong>sessions de P\u00e0del<\/strong><\/em> dintre la mat\u00e8ria d&#8217;educaci\u00f3 F\u00edsica. Gr\u00e0cies de nou a l&#8217;Ajuntament que ens cedeix les instal\u00b7lacions del <strong>centre esportiu municipal de Can Coll<\/strong> per a realitzar les classes pr\u00e0ctiques amb les que els alumnes d&#8217;aquest nivell gaudeixen i es beneficien de la practica d&#8217;aquest esport tan din\u00e0mic i que a m\u00e9s est\u00e0 tant de moda al municipi. \u00c9s una oportunitat \u00fanica d&#8217;enriquir el curr\u00edculum de la mat\u00e8ria amb activitats esportives engrescadores que no es podrien dur a terme si no fos per aquesta col\u00b7laboraci\u00f3 desinteressada entre l&#8217;Institut Escola i l&#8217;Ajuntament.<\/p>\n<p>Seguim!!<\/p>\n<p>&nbsp;<\/p>\n","protected":false},"excerpt":{"rendered":"<p>P\u00e0del a Can Coll amb els alumnes de 3r de la ESO&hellip;  <a href=\"https:\/\/agora.xtec.cat\/ietorrelles\/eso-2\/classes-de-padel-amb-els-alumnes-de-3r-de-la-eso-de-lie-torrelles\/\" title=\"Read Classes de p\u00e0del amb els alumnes de 3r de la ESO de l&#8217;IE Torrelles\">Llegeix m\u00e9s\u00bb<\/a><\/p>\n","protected":false},"author":1,"featured_media":750,"comment_status":"open","ping_status":"closed","sticky":false,"template":"","format":"standard","meta":{"_bbp_topic_count":0,"_bbp_reply_count":0,"_bbp_total_topic_count":0,"_bbp_total_reply_count":0,"_bbp_voice_count":0,"_bbp_anonymous_reply_count":0,"_bbp_topic_count_hidden":0,"_bbp_reply_count_hidden":0,"_bbp_forum_subforum_count":0,"footnotes":""},"categories":[65,1],"tags":[86,85,88,87,84],"class_list":["post-745","post","type-post","status-publish","format-standard","has-post-thumbnail","hentry","category-3r-deso","category-eso-2","tag-can-coll","tag-educacio-fisica","tag-equips","tag-esport","tag-padel"],"post_mailing_queue_ids":[],"_links":{"self":[{"href":"https:\/\/agora.xtec.cat\/ietorrelles\/wp-json\/wp\/v2\/posts\/745","targetHints":{"allow":["GET"]}}],"collection":[{"href":"https:\/\/agora.xtec.cat\/ietorrelles\/wp-json\/wp\/v2\/posts"}],"about":[{"href":"https:\/\/agora.xtec.cat\/ietorrelles\/wp-json\/wp\/v2\/types\/post"}],"author":[{"embeddable":true,"href":"https:\/\/agora.xtec.cat\/ietorrelles\/wp-json\/wp\/v2\/users\/1"}],"replies":[{"embeddable":true,"href":"https:\/\/agora.xtec.cat\/ietorrelles\/wp-json\/wp\/v2\/comments?post=745"}],"version-history":[{"count":1,"href":"https:\/\/agora.xtec.cat\/ietorrelles\/wp-json\/wp\/v2\/posts\/745\/revisions"}],"predecessor-version":[{"id":746,"href":"https:\/\/agora.xtec.cat\/ietorrelles\/wp-json\/wp\/v2\/posts\/745\/revisions\/746"}],"wp:featuredmedia":[{"embeddable":true,"href":"https:\/\/agora.xtec.cat\/ietorrelles\/wp-json\/wp\/v2\/media\/750"}],"wp:attachment":[{"href":"https:\/\/agora.xtec.cat\/ietorrelles\/wp-json\/wp\/v2\/media?parent=745"}],"wp:term":[{"taxonomy":"category","embeddable":true,"href":"https:\/\/agora.xtec.cat\/ietorrelles\/wp-json\/wp\/v2\/categories?post=745"},{"taxonomy":"post_tag","embeddable":true,"href":"https:\/\/agora.xtec.cat\/ietorrelles\/wp-json\/wp\/v2\/tags?post=745"}],"curies":[{"name":"wp","href":"https:\/\/api.w.org\/{rel}","templated":true}]}}