{"id":554,"date":"2022-05-31T16:44:03","date_gmt":"2022-05-31T14:44:03","guid":{"rendered":"https:\/\/agora.xtec.cat\/ietorrelles\/?p=554"},"modified":"2022-06-01T13:54:02","modified_gmt":"2022-06-01T11:54:02","slug":"berenars-pedagogics-per-les-tardes","status":"publish","type":"post","link":"https:\/\/agora.xtec.cat\/ietorrelles\/eso-2\/berenars-pedagogics-per-les-tardes\/","title":{"rendered":"Berenars pedag\u00f2gics"},"content":{"rendered":"<p>Alguns membres de l&#8217;equip pedag\u00f2gic estan fent trobades a les tardes per comen\u00e7ar a establir la l\u00ednia pedag\u00f2gica del futur centre, des del Departament, a trav\u00e9s del programa <a href=\"https:\/\/projectes.xtec.cat\/transformacioenxarxa\/programa-dinnovacio-dacceleracio-de-la-transformacio-educativa\/\">PACTE <\/a>ens han fet un cop de m\u00e0.<\/p>\n<p><a href=\"https:\/\/agora.xtec.cat\/ietorrelles\/wp-content\/uploads\/usu2293\/2022\/05\/PHOTO-2022-05-31-16-32-32-1.jpg\"><img loading=\"lazy\" decoding=\"async\" class=\"alignnone size-large wp-image-555\" src=\"https:\/\/agora.xtec.cat\/ietorrelles\/wp-content\/uploads\/usu2293\/2022\/05\/PHOTO-2022-05-31-16-32-32-1-768x1024.jpg\" alt=\"\" width=\"768\" height=\"1024\" srcset=\"https:\/\/agora.xtec.cat\/ietorrelles\/wp-content\/uploads\/usu2293\/2022\/05\/PHOTO-2022-05-31-16-32-32-1-768x1024.jpg 768w, https:\/\/agora.xtec.cat\/ietorrelles\/wp-content\/uploads\/usu2293\/2022\/05\/PHOTO-2022-05-31-16-32-32-1-225x300.jpg 225w, https:\/\/agora.xtec.cat\/ietorrelles\/wp-content\/uploads\/usu2293\/2022\/05\/PHOTO-2022-05-31-16-32-32-1-1152x1536.jpg 1152w, https:\/\/agora.xtec.cat\/ietorrelles\/wp-content\/uploads\/usu2293\/2022\/05\/PHOTO-2022-05-31-16-32-32-1.jpg 1500w\" sizes=\"auto, (max-width: 768px) 100vw, 768px\" \/><\/a> <a href=\"https:\/\/agora.xtec.cat\/ietorrelles\/wp-content\/uploads\/usu2293\/2022\/05\/PHOTO-2022-05-31-16-32-32.jpg\"><img loading=\"lazy\" decoding=\"async\" class=\"alignnone size-large wp-image-556\" src=\"https:\/\/agora.xtec.cat\/ietorrelles\/wp-content\/uploads\/usu2293\/2022\/05\/PHOTO-2022-05-31-16-32-32-768x1024.jpg\" alt=\"\" width=\"768\" height=\"1024\" srcset=\"https:\/\/agora.xtec.cat\/ietorrelles\/wp-content\/uploads\/usu2293\/2022\/05\/PHOTO-2022-05-31-16-32-32-768x1024.jpg 768w, https:\/\/agora.xtec.cat\/ietorrelles\/wp-content\/uploads\/usu2293\/2022\/05\/PHOTO-2022-05-31-16-32-32-225x300.jpg 225w, https:\/\/agora.xtec.cat\/ietorrelles\/wp-content\/uploads\/usu2293\/2022\/05\/PHOTO-2022-05-31-16-32-32-1152x1536.jpg 1152w, https:\/\/agora.xtec.cat\/ietorrelles\/wp-content\/uploads\/usu2293\/2022\/05\/PHOTO-2022-05-31-16-32-32.jpg 1500w\" sizes=\"auto, (max-width: 768px) 100vw, 768px\" \/><\/a> <a href=\"https:\/\/agora.xtec.cat\/ietorrelles\/wp-content\/uploads\/usu2293\/2022\/05\/PHOTO-2022-05-31-16-32-31.jpg\"><img loading=\"lazy\" decoding=\"async\" class=\"alignnone size-large wp-image-557\" src=\"https:\/\/agora.xtec.cat\/ietorrelles\/wp-content\/uploads\/usu2293\/2022\/05\/PHOTO-2022-05-31-16-32-31-768x1024.jpg\" alt=\"\" width=\"768\" height=\"1024\" srcset=\"https:\/\/agora.xtec.cat\/ietorrelles\/wp-content\/uploads\/usu2293\/2022\/05\/PHOTO-2022-05-31-16-32-31-768x1024.jpg 768w, https:\/\/agora.xtec.cat\/ietorrelles\/wp-content\/uploads\/usu2293\/2022\/05\/PHOTO-2022-05-31-16-32-31-225x300.jpg 225w, https:\/\/agora.xtec.cat\/ietorrelles\/wp-content\/uploads\/usu2293\/2022\/05\/PHOTO-2022-05-31-16-32-31-1152x1536.jpg 1152w, https:\/\/agora.xtec.cat\/ietorrelles\/wp-content\/uploads\/usu2293\/2022\/05\/PHOTO-2022-05-31-16-32-31.jpg 1500w\" sizes=\"auto, (max-width: 768px) 100vw, 768px\" \/><\/a><\/p>\n","protected":false},"excerpt":{"rendered":"<p>Treballem la cultura de centre.&hellip;  <a href=\"https:\/\/agora.xtec.cat\/ietorrelles\/eso-2\/berenars-pedagogics-per-les-tardes\/\" title=\"Read Berenars pedag\u00f2gics\">Llegeix m\u00e9s\u00bb<\/a><\/p>\n","protected":false},"author":1,"featured_media":557,"comment_status":"open","ping_status":"closed","sticky":false,"template":"","format":"standard","meta":{"_bbp_topic_count":0,"_bbp_reply_count":0,"_bbp_total_topic_count":0,"_bbp_total_reply_count":0,"_bbp_voice_count":0,"_bbp_anonymous_reply_count":0,"_bbp_topic_count_hidden":0,"_bbp_reply_count_hidden":0,"_bbp_forum_subforum_count":0,"footnotes":""},"categories":[1,2,5],"tags":[],"class_list":["post-554","post","type-post","status-publish","format-standard","has-post-thumbnail","hentry","category-eso-2","category-infantil","category-primaria"],"post_mailing_queue_ids":[],"_links":{"self":[{"href":"https:\/\/agora.xtec.cat\/ietorrelles\/wp-json\/wp\/v2\/posts\/554","targetHints":{"allow":["GET"]}}],"collection":[{"href":"https:\/\/agora.xtec.cat\/ietorrelles\/wp-json\/wp\/v2\/posts"}],"about":[{"href":"https:\/\/agora.xtec.cat\/ietorrelles\/wp-json\/wp\/v2\/types\/post"}],"author":[{"embeddable":true,"href":"https:\/\/agora.xtec.cat\/ietorrelles\/wp-json\/wp\/v2\/users\/1"}],"replies":[{"embeddable":true,"href":"https:\/\/agora.xtec.cat\/ietorrelles\/wp-json\/wp\/v2\/comments?post=554"}],"version-history":[{"count":3,"href":"https:\/\/agora.xtec.cat\/ietorrelles\/wp-json\/wp\/v2\/posts\/554\/revisions"}],"predecessor-version":[{"id":598,"href":"https:\/\/agora.xtec.cat\/ietorrelles\/wp-json\/wp\/v2\/posts\/554\/revisions\/598"}],"wp:featuredmedia":[{"embeddable":true,"href":"https:\/\/agora.xtec.cat\/ietorrelles\/wp-json\/wp\/v2\/media\/557"}],"wp:attachment":[{"href":"https:\/\/agora.xtec.cat\/ietorrelles\/wp-json\/wp\/v2\/media?parent=554"}],"wp:term":[{"taxonomy":"category","embeddable":true,"href":"https:\/\/agora.xtec.cat\/ietorrelles\/wp-json\/wp\/v2\/categories?post=554"},{"taxonomy":"post_tag","embeddable":true,"href":"https:\/\/agora.xtec.cat\/ietorrelles\/wp-json\/wp\/v2\/tags?post=554"}],"curies":[{"name":"wp","href":"https:\/\/api.w.org\/{rel}","templated":true}]}}