{"id":533,"date":"2022-06-21T12:57:53","date_gmt":"2022-06-21T10:57:53","guid":{"rendered":"https:\/\/agora.xtec.cat\/ietorrelles\/?p=533"},"modified":"2022-06-21T13:10:25","modified_gmt":"2022-06-21T11:10:25","slug":"comencem-el-trasllat","status":"publish","type":"post","link":"https:\/\/agora.xtec.cat\/ietorrelles\/eso-2\/comencem-el-trasllat\/","title":{"rendered":"Comencem el trasllat!"},"content":{"rendered":"<p>La setmana del 27 de juny comen\u00e7a l&#8217;empresa de mudances a fer el trasllat del mobiliari. Tenim pocs dies per empaquetar tot all\u00f2 que tenim a les aules i per aquest motiu demanarem la col\u00b7laboraci\u00f3 d&#8217;aquelles fam\u00edlies que ens vulguin fer un cop de m\u00e0. Atents al correu!<\/p>\n","protected":false},"excerpt":{"rendered":"<p>La setmana del 27 de juny comen\u00e7a l&#8217;empresa de mudances a fer el trasllat del mobiliari. Tenim pocs dies per empaquetar tot all\u00f2 que tenim a les aules i per aquest motiu demanarem la col\u00b7laboraci\u00f3 d&#8217;aquelles fam\u00edlies que ens vulguin fer un cop de m\u00e0.&hellip;  <a href=\"https:\/\/agora.xtec.cat\/ietorrelles\/eso-2\/comencem-el-trasllat\/\" title=\"Read Comencem el trasllat!\">Llegeix m\u00e9s\u00bb<\/a><\/p>\n","protected":false},"author":1,"featured_media":636,"comment_status":"open","ping_status":"closed","sticky":false,"template":"","format":"standard","meta":{"_bbp_topic_count":0,"_bbp_reply_count":0,"_bbp_total_topic_count":0,"_bbp_total_reply_count":0,"_bbp_voice_count":0,"_bbp_anonymous_reply_count":0,"_bbp_topic_count_hidden":0,"_bbp_reply_count_hidden":0,"_bbp_forum_subforum_count":0,"footnotes":""},"categories":[10,63,11,64,12,65,13,66,14,15,7,1,3,8,9,2,5],"tags":[],"class_list":["post-533","post","type-post","status-publish","format-standard","has-post-thumbnail","hentry","category-1r","category-1r-deso","category-2n","category-2n-deso","category-3r","category-3r-deso","category-4t","category-4t-deso","category-5e","category-6e","category-ampa","category-eso-2","category-i3","category-i4","category-i5","category-infantil","category-primaria"],"post_mailing_queue_ids":[],"_links":{"self":[{"href":"https:\/\/agora.xtec.cat\/ietorrelles\/wp-json\/wp\/v2\/posts\/533","targetHints":{"allow":["GET"]}}],"collection":[{"href":"https:\/\/agora.xtec.cat\/ietorrelles\/wp-json\/wp\/v2\/posts"}],"about":[{"href":"https:\/\/agora.xtec.cat\/ietorrelles\/wp-json\/wp\/v2\/types\/post"}],"author":[{"embeddable":true,"href":"https:\/\/agora.xtec.cat\/ietorrelles\/wp-json\/wp\/v2\/users\/1"}],"replies":[{"embeddable":true,"href":"https:\/\/agora.xtec.cat\/ietorrelles\/wp-json\/wp\/v2\/comments?post=533"}],"version-history":[{"count":2,"href":"https:\/\/agora.xtec.cat\/ietorrelles\/wp-json\/wp\/v2\/posts\/533\/revisions"}],"predecessor-version":[{"id":633,"href":"https:\/\/agora.xtec.cat\/ietorrelles\/wp-json\/wp\/v2\/posts\/533\/revisions\/633"}],"wp:featuredmedia":[{"embeddable":true,"href":"https:\/\/agora.xtec.cat\/ietorrelles\/wp-json\/wp\/v2\/media\/636"}],"wp:attachment":[{"href":"https:\/\/agora.xtec.cat\/ietorrelles\/wp-json\/wp\/v2\/media?parent=533"}],"wp:term":[{"taxonomy":"category","embeddable":true,"href":"https:\/\/agora.xtec.cat\/ietorrelles\/wp-json\/wp\/v2\/categories?post=533"},{"taxonomy":"post_tag","embeddable":true,"href":"https:\/\/agora.xtec.cat\/ietorrelles\/wp-json\/wp\/v2\/tags?post=533"}],"curies":[{"name":"wp","href":"https:\/\/api.w.org\/{rel}","templated":true}]}}