{"id":3834,"date":"2026-04-13T12:06:41","date_gmt":"2026-04-13T10:06:41","guid":{"rendered":"https:\/\/agora.xtec.cat\/ietorrelles\/?p=3834"},"modified":"2026-04-13T12:07:49","modified_gmt":"2026-04-13T10:07:49","slug":"sortida-4t-deso-amb-la-gent-gran-de-torrelles","status":"publish","type":"post","link":"https:\/\/agora.xtec.cat\/ietorrelles\/eso-2\/4t-deso\/sortida-4t-deso-amb-la-gent-gran-de-torrelles\/","title":{"rendered":"Sortida 4t d&#8217;ESO amb la gent gran de Torrelles"},"content":{"rendered":"<p style=\"font-family: 'Helvetica Neue', Helvetica, Helvetica, Arial, sans-serif; font-size: 16px;\"><img loading=\"lazy\" decoding=\"async\" class=\"wp-image-3835 alignleft\" src=\"https:\/\/agora.xtec.cat\/ietorrelles\/wp-content\/uploads\/usu2293\/2026\/04\/Diseno-sin-titulo-46.png\" alt=\"\" width=\"478\" height=\"598\" srcset=\"https:\/\/agora.xtec.cat\/ietorrelles\/wp-content\/uploads\/usu2293\/2026\/04\/Diseno-sin-titulo-46.png 1080w, https:\/\/agora.xtec.cat\/ietorrelles\/wp-content\/uploads\/usu2293\/2026\/04\/Diseno-sin-titulo-46-240x300.png 240w, https:\/\/agora.xtec.cat\/ietorrelles\/wp-content\/uploads\/usu2293\/2026\/04\/Diseno-sin-titulo-46-819x1024.png 819w, https:\/\/agora.xtec.cat\/ietorrelles\/wp-content\/uploads\/usu2293\/2026\/04\/Diseno-sin-titulo-46-768x960.png 768w\" sizes=\"auto, (max-width: 478px) 100vw, 478px\" \/><\/p>\n<p class=\"isSelectedEnd\">El passat divendres, per tancar la setmana durant la qual vam compartir experi\u00e8ncies amb la gent gran de Torrelles, l\u2019alumnat de 4t d\u2019ESO de la Comunitat de Joves va participar en un emotiu acte de mem\u00f2ria al Parc de Can Sostres, a l\u2019Espai de Mem\u00f2ria Democr\u00e0tica, en homenatge a en Baldiri Casas Caralt, torrellenc deportat als camps nazis.<\/p>\n<p class=\"isSelectedEnd\">L\u2019acte va comen<\/p>\n<p><span style=\"font-family: inherit; font-size: 1em;\">\u00e7ar amb la rebuda de l\u2019alcaldessa, Sra. Mireia Falg\u00e0s Marco, acompanyada del regidor de la Gent Gran, Sr. Joan Junc\u00e0, que van presentar el sentit d\u2019aquest espai de mem\u00f2ria i els seus elements: el banc de la mem\u00f2ria, la placa commemorativa i la llamborda provisional, a l\u2019espera de la instal\u00b7laci\u00f3 d\u2019una llamborda commemorativa (Stolperstein). Tamb\u00e9 van explicar qu\u00e8 eren els camps de concentraci\u00f3 i la hist\u00f2ria d\u2019en Baldiri Casas Caralt, nascut a Torrelles l\u2019any 1902, deportat a Mauthausen el 1940 i posteriorment traslladat a Gusen, on va morir el 3 de novembre de 1941.<\/span><\/p>\n<p class=\"isSelectedEnd\">A continuaci\u00f3, a l\u2019Espai de la Gent Gran, el seu nebot, el Sr. Jordi Roma, va compartir records i viv\u00e8ncies familiars. Tot seguit, avis i \u00e0vies de Torrelles van explicar les seves experi\u00e8ncies durant la Guerra Civil i la postguerra, generant un espai de di\u00e0leg amb l\u2019alumnat. Durant aquest moment, tamb\u00e9 van voler encoratjar els joves, recordant-los que s\u00f3n el futur i que tenen la responsabilitat i la for\u00e7a per lluitar perqu\u00e8 no es repeteixin les injust\u00edcies i barbaritats que ells van viure.<\/p>\n<p class=\"isSelectedEnd\">L\u2019acte va continuar amb la lectura de poemes per part de l\u2019alumnat i de la gent gran, i va culminar amb una ofrena floral davant la placa en record d\u2019en Baldiri Casas, acompanyada d\u2019un sentit minut de silenci.<\/p>\n<p class=\"isSelectedEnd\">Volem agrair especialment a Nolasc Tusell que ens hagi compartit algunes de les imatges que podeu veure en aquest post.<\/p>\n<p class=\"isSelectedEnd\">Un dia ple de mem\u00f2ria, respecte i aprenentatge compartit.<\/p>\n","protected":false},"excerpt":{"rendered":"<p>El passat divendres, per tancar la setmana durant la qual vam compartir experi\u00e8ncies amb la gent gran de Torrelles, l\u2019alumnat de 4t d\u2019ESO de la Comunitat de Joves va participar en un emotiu acte de mem\u00f2ria al Parc de Can Sostres, a l\u2019Espai de Mem\u00f2ria&hellip;  <a href=\"https:\/\/agora.xtec.cat\/ietorrelles\/eso-2\/4t-deso\/sortida-4t-deso-amb-la-gent-gran-de-torrelles\/\" title=\"Read Sortida 4t d&#8217;ESO amb la gent gran de Torrelles\">Llegeix m\u00e9s\u00bb<\/a><\/p>\n","protected":false},"author":74,"featured_media":3837,"comment_status":"open","ping_status":"open","sticky":false,"template":"","format":"standard","meta":{"_bbp_topic_count":0,"_bbp_reply_count":0,"_bbp_total_topic_count":0,"_bbp_total_reply_count":0,"_bbp_voice_count":0,"_bbp_anonymous_reply_count":0,"_bbp_topic_count_hidden":0,"_bbp_reply_count_hidden":0,"_bbp_forum_subforum_count":0,"footnotes":""},"categories":[66],"tags":[175,187,106],"class_list":["post-3834","post","type-post","status-publish","format-standard","has-post-thumbnail","hentry","category-4t-deso","tag-4t","tag-comunitat-de-joves","tag-torrelles-de-llobregat"],"post_mailing_queue_ids":[],"_links":{"self":[{"href":"https:\/\/agora.xtec.cat\/ietorrelles\/wp-json\/wp\/v2\/posts\/3834","targetHints":{"allow":["GET"]}}],"collection":[{"href":"https:\/\/agora.xtec.cat\/ietorrelles\/wp-json\/wp\/v2\/posts"}],"about":[{"href":"https:\/\/agora.xtec.cat\/ietorrelles\/wp-json\/wp\/v2\/types\/post"}],"author":[{"embeddable":true,"href":"https:\/\/agora.xtec.cat\/ietorrelles\/wp-json\/wp\/v2\/users\/74"}],"replies":[{"embeddable":true,"href":"https:\/\/agora.xtec.cat\/ietorrelles\/wp-json\/wp\/v2\/comments?post=3834"}],"version-history":[{"count":1,"href":"https:\/\/agora.xtec.cat\/ietorrelles\/wp-json\/wp\/v2\/posts\/3834\/revisions"}],"predecessor-version":[{"id":3836,"href":"https:\/\/agora.xtec.cat\/ietorrelles\/wp-json\/wp\/v2\/posts\/3834\/revisions\/3836"}],"wp:featuredmedia":[{"embeddable":true,"href":"https:\/\/agora.xtec.cat\/ietorrelles\/wp-json\/wp\/v2\/media\/3837"}],"wp:attachment":[{"href":"https:\/\/agora.xtec.cat\/ietorrelles\/wp-json\/wp\/v2\/media?parent=3834"}],"wp:term":[{"taxonomy":"category","embeddable":true,"href":"https:\/\/agora.xtec.cat\/ietorrelles\/wp-json\/wp\/v2\/categories?post=3834"},{"taxonomy":"post_tag","embeddable":true,"href":"https:\/\/agora.xtec.cat\/ietorrelles\/wp-json\/wp\/v2\/tags?post=3834"}],"curies":[{"name":"wp","href":"https:\/\/api.w.org\/{rel}","templated":true}]}}