{"id":3831,"date":"2026-04-09T11:10:22","date_gmt":"2026-04-09T09:10:22","guid":{"rendered":"https:\/\/agora.xtec.cat\/ietorrelles\/?p=3831"},"modified":"2026-04-09T11:10:22","modified_gmt":"2026-04-09T09:10:22","slug":"xerrades-amb-els-avis-i-avies-de-torrelles","status":"publish","type":"post","link":"https:\/\/agora.xtec.cat\/ietorrelles\/eso-2\/xerrades-amb-els-avis-i-avies-de-torrelles\/","title":{"rendered":"Xerrades amb els avis i \u00e0vies de Torrelles"},"content":{"rendered":"<p style=\"font-family: 'Helvetica Neue', Helvetica, Helvetica, Arial, sans-serif; font-size: 16px;\"><img loading=\"lazy\" decoding=\"async\" class=\"wp-image-3832 alignleft\" src=\"https:\/\/agora.xtec.cat\/ietorrelles\/wp-content\/uploads\/usu2293\/2026\/04\/Envio.jpg\" alt=\"\" width=\"286\" height=\"357\" srcset=\"https:\/\/agora.xtec.cat\/ietorrelles\/wp-content\/uploads\/usu2293\/2026\/04\/Envio.jpg 1080w, https:\/\/agora.xtec.cat\/ietorrelles\/wp-content\/uploads\/usu2293\/2026\/04\/Envio-240x300.jpg 240w, https:\/\/agora.xtec.cat\/ietorrelles\/wp-content\/uploads\/usu2293\/2026\/04\/Envio-819x1024.jpg 819w, https:\/\/agora.xtec.cat\/ietorrelles\/wp-content\/uploads\/usu2293\/2026\/04\/Envio-768x960.jpg 768w\" sizes=\"auto, (max-width: 286px) 100vw, 286px\" \/><\/p>\n<p>Aquests dies, els avis i \u00e0vies de Torrelles ens visiten a 2n i 4t d\u2019ESO de la Comunitat de Joves per compartir les seves experi\u00e8ncies de vida. Un espai molt enriquidor on generacions diferents dialoguen, aprenen i es fan preguntes que connecten passat i present.<\/p>\n<p>Ahir, per exemp<\/p>\n<p><span style=\"font-family: inherit; font-size: 1em;\">le, en Josep i la Margarida van conversar amb l\u2019alumnat de 4t d\u2019ESO. Van parlar sobre les difer\u00e8ncies en el m\u00f3n laboral d\u2019abans i d\u2019ara: com abans era m\u00e9s f\u00e0cil trobar feina, tot i que sovint no era la desitjada, i com les oportunitats d\u2019ascens i les pujades de sou eren for\u00e7a complicades.<\/span><\/p>\n<p>Tamb\u00e9 van sortir temes econ\u00f2mics, com el primer sou, el pas de les pessetes als euros i la percepci\u00f3 que avui dia la vida \u00e9s molt m\u00e9s cara. A m\u00e9s, van compartir qu\u00e8 volien ser de grans i si ho van aconseguir, i es va reflexionar sobre la difer\u00e8ncia de g\u00e8nere en el m\u00f3n laboral: tot i tenir les mateixes vacances, sovint homes i dones no cobraven el mateix en un mateix lloc de treball.<\/p>\n<p>Gr\u00e0cies per compartir la vostra experi\u00e8ncia i saviesa amb nosaltres! \ud83d\udc9b<\/p>\n","protected":false},"excerpt":{"rendered":"<p>Aquests dies, els avis i \u00e0vies de Torrelles ens visiten a 2n i 4t d\u2019ESO de la Comunitat de Joves per compartir les seves experi\u00e8ncies de vida. Un espai molt enriquidor on generacions diferents dialoguen, aprenen i es fan preguntes que connecten passat i present.<br \/>\nAhir,&hellip;  <a href=\"https:\/\/agora.xtec.cat\/ietorrelles\/eso-2\/xerrades-amb-els-avis-i-avies-de-torrelles\/\" title=\"Read Xerrades amb els avis i \u00e0vies de Torrelles\">Llegeix m\u00e9s\u00bb<\/a><\/p>\n","protected":false},"author":74,"featured_media":3832,"comment_status":"open","ping_status":"open","sticky":false,"template":"","format":"standard","meta":{"_bbp_topic_count":0,"_bbp_reply_count":0,"_bbp_total_topic_count":0,"_bbp_total_reply_count":0,"_bbp_voice_count":0,"_bbp_anonymous_reply_count":0,"_bbp_topic_count_hidden":0,"_bbp_reply_count_hidden":0,"_bbp_forum_subforum_count":0,"footnotes":""},"categories":[64,66,1],"tags":[],"class_list":["post-3831","post","type-post","status-publish","format-standard","has-post-thumbnail","hentry","category-2n-deso","category-4t-deso","category-eso-2"],"post_mailing_queue_ids":[],"_links":{"self":[{"href":"https:\/\/agora.xtec.cat\/ietorrelles\/wp-json\/wp\/v2\/posts\/3831","targetHints":{"allow":["GET"]}}],"collection":[{"href":"https:\/\/agora.xtec.cat\/ietorrelles\/wp-json\/wp\/v2\/posts"}],"about":[{"href":"https:\/\/agora.xtec.cat\/ietorrelles\/wp-json\/wp\/v2\/types\/post"}],"author":[{"embeddable":true,"href":"https:\/\/agora.xtec.cat\/ietorrelles\/wp-json\/wp\/v2\/users\/74"}],"replies":[{"embeddable":true,"href":"https:\/\/agora.xtec.cat\/ietorrelles\/wp-json\/wp\/v2\/comments?post=3831"}],"version-history":[{"count":1,"href":"https:\/\/agora.xtec.cat\/ietorrelles\/wp-json\/wp\/v2\/posts\/3831\/revisions"}],"predecessor-version":[{"id":3833,"href":"https:\/\/agora.xtec.cat\/ietorrelles\/wp-json\/wp\/v2\/posts\/3831\/revisions\/3833"}],"wp:featuredmedia":[{"embeddable":true,"href":"https:\/\/agora.xtec.cat\/ietorrelles\/wp-json\/wp\/v2\/media\/3832"}],"wp:attachment":[{"href":"https:\/\/agora.xtec.cat\/ietorrelles\/wp-json\/wp\/v2\/media?parent=3831"}],"wp:term":[{"taxonomy":"category","embeddable":true,"href":"https:\/\/agora.xtec.cat\/ietorrelles\/wp-json\/wp\/v2\/categories?post=3831"},{"taxonomy":"post_tag","embeddable":true,"href":"https:\/\/agora.xtec.cat\/ietorrelles\/wp-json\/wp\/v2\/tags?post=3831"}],"curies":[{"name":"wp","href":"https:\/\/api.w.org\/{rel}","templated":true}]}}