{"id":3809,"date":"2026-02-27T12:17:01","date_gmt":"2026-02-27T11:17:01","guid":{"rendered":"https:\/\/agora.xtec.cat\/ietorrelles\/?p=3809"},"modified":"2026-03-02T12:26:04","modified_gmt":"2026-03-02T11:26:04","slug":"preinscripcio-al-curs-2026-27","status":"publish","type":"post","link":"https:\/\/agora.xtec.cat\/ietorrelles\/portada\/preinscripcio-al-curs-2026-27\/","title":{"rendered":"PREINSCRIPCI\u00d3\u00a0al curs 2026-27"},"content":{"rendered":"<p dir=\"ltr\"><img loading=\"lazy\" decoding=\"async\" class=\"alignnone size-full wp-image-3820\" src=\"https:\/\/agora.xtec.cat\/ietorrelles\/wp-content\/uploads\/usu2293\/2026\/02\/Preinscripcio_baners_Web_educacio__Preinscripcio_web_educacio_1900x372_3imatges.jpg\" alt=\"\" width=\"1900\" height=\"372\" srcset=\"https:\/\/agora.xtec.cat\/ietorrelles\/wp-content\/uploads\/usu2293\/2026\/02\/Preinscripcio_baners_Web_educacio__Preinscripcio_web_educacio_1900x372_3imatges.jpg 1900w, https:\/\/agora.xtec.cat\/ietorrelles\/wp-content\/uploads\/usu2293\/2026\/02\/Preinscripcio_baners_Web_educacio__Preinscripcio_web_educacio_1900x372_3imatges-300x59.jpg 300w, https:\/\/agora.xtec.cat\/ietorrelles\/wp-content\/uploads\/usu2293\/2026\/02\/Preinscripcio_baners_Web_educacio__Preinscripcio_web_educacio_1900x372_3imatges-1024x200.jpg 1024w, https:\/\/agora.xtec.cat\/ietorrelles\/wp-content\/uploads\/usu2293\/2026\/02\/Preinscripcio_baners_Web_educacio__Preinscripcio_web_educacio_1900x372_3imatges-768x150.jpg 768w, https:\/\/agora.xtec.cat\/ietorrelles\/wp-content\/uploads\/usu2293\/2026\/02\/Preinscripcio_baners_Web_educacio__Preinscripcio_web_educacio_1900x372_3imatges-1536x301.jpg 1536w\" sizes=\"auto, (max-width: 1900px) 100vw, 1900px\" \/><\/p>\n<p dir=\"ltr\">Benvolgudes fam\u00edlies,<\/p>\n<p>Ens va agradar molt que vingu\u00e9ssiu a les jornades de Portes Obertes al nostre Institut Escola.<\/p>\n<p dir=\"ltr\">Us adjuntem la informaci\u00f3 per <u>formalitzar la\u00a0preinscripci\u00f3\u00a0a partir del 4 de mar\u00e7.<\/u><\/p>\n<p dir=\"ltr\">El per\u00edode de presentaci\u00f3 de sol\u00b7licituds de\u00a0preinscripci\u00f3\u00a0pel proper curs 2026-27 :<\/p>\n<p dir=\"ltr\">&#8211; per l&#8217;alumnat d&#8217;Educaci\u00f3 Infantil (INF) i Educaci\u00f3 Prim\u00e0ria (PRI) :\u00a0del 4 al 18 de mar\u00e7<\/p>\n<p dir=\"ltr\">&#8211;\u00a0per l&#8217;alumnat d&#8217;Educaci\u00f3 Secund\u00e0ria (ESO):\u00a0del 6 al 18 de mar\u00e7<\/p>\n<p dir=\"ltr\">En l&#8217;enlla\u00e7 de <a href=\"https:\/\/preinscripcio.gencat.cat\/ca\/inici\" target=\"_blank\" rel=\"noopener\" data-saferedirecturl=\"https:\/\/www.google.com\/url?q=https:\/\/preinscripcio.gencat.cat\/ca\/estudis\/infantil-3-6\/informat\/prepara-documentacio\/&amp;source=gmail&amp;ust=1772276687097000&amp;usg=AOvVaw0TkXL0auDyMgabcrMwo0wy\"><b><span style=\"color: #0000ff;\">Preinscripci\u00f3<\/span><\/b><\/a>\u00a0del Departament d&#8217;Educaci\u00f3 i Formaci\u00f3 Professional hi trobareu tot el proc\u00e9s de la\u00a0<b>preinscripci\u00f3<\/b>\u00a0(mar\u00e7 2026) fins la formalitzaci\u00f3 de la\u00a0<b>matr\u00edcula<\/b>\u00a0(juny 2026). Els podcasts, v\u00eddeos i preguntes m\u00e9s freq\u00fcents us ajudaran en aquesta tasca:<\/p>\n<ul>\n<li dir=\"ltr\">\n<p dir=\"ltr\" role=\"presentation\">Formulari de\u00a0preinscripci\u00f3<\/p>\n<\/li>\n<li dir=\"ltr\">\n<p dir=\"ltr\" role=\"presentation\">Calendari del proc\u00e9s<\/p>\n<\/li>\n<li dir=\"ltr\">\n<p dir=\"ltr\" role=\"presentation\">Seguiment de la sol.licitud<\/p>\n<\/li>\n<li dir=\"ltr\">\n<p dir=\"ltr\" role=\"presentation\">Criteris de baremaci\u00f3,\u00a0 etc<\/p>\n<\/li>\n<\/ul>\n<p dir=\"ltr\"><span style=\"color: #666666;\">Sol\u00b7licituds de\u00a0preinscripci\u00f3:<\/span><\/p>\n<p dir=\"ltr\">\u25cf La sol\u00b7licitud es formalitza electr\u00f2nicament amb el formulari que hi ha disponible a la web del Departament, per tant no s&#8217;accepten sol\u00b7licituds que es presentin en paper. S\u2019ha de presentar, nom\u00e9s, una sol\u00b7licitud per alumne\/a i indicar-hi per ordre de prefer\u00e8ncia els diferents centres als que us interessa inscriure el vostra fill o filla<\/p>\n<p dir=\"ltr\">\u25cf Hi ha <a href=\"https:\/\/preinscripcio.gencat.cat\/ca\/estudis\/infantil-3-6\/ajuda\/dubtes-temes\/preinscripcio\/#faq-com-he-de-fer-la-sol-licitud-de-preinscripcio\" target=\"_blank\" rel=\"noopener\" data-saferedirecturl=\"https:\/\/www.google.com\/url?q=https:\/\/preinscripcio.gencat.cat\/ca\/estudis\/infantil-3-6\/informat\/prepara-documentacio\/&amp;source=gmail&amp;ust=1772276687097000&amp;usg=AOvVaw0TkXL0auDyMgabcrMwo0wy\"><b><span style=\"color: #0000ff;\">dos tipus de sol\u00b7licitud:\u00a0<\/span><\/b><\/a><\/p>\n<p dir=\"ltr\">o\u00a0<span style=\"text-decoration: underline;\">Format electr\u00f2nic<\/span>\u00a0:\u00a0cal identificaci\u00f3 digital (\u00a0idCAT M\u00f2bil,\u00a0T-Cat, DNI electr\u00f2nic, Cl@ve\u00a0)<\/p>\n<p dir=\"ltr\">o\u00a0<span style=\"text-decoration: underline;\">Format electr\u00f2nic\u00a0sense certificat digital<\/span> : A l&#8217;efecte de validar la identitat, caldr\u00e0 adjuntar a la sol\u00b7licitud:<\/p>\n<p dir=\"ltr\">&#8211; la certificaci\u00f3 de la inscripci\u00f3 de naixement<\/p>\n<p dir=\"ltr\">&#8211; el document d&#8217;identificaci\u00f3 personal dels tutors<\/p>\n<p dir=\"ltr\">&#8211; el de l&#8217;alumne\/a, si el t\u00e9.<\/p>\n<p dir=\"ltr\">INFORMACIONS I\/O RECOMANACIONS:<\/p>\n<p dir=\"ltr\">\u25cf<a href=\"https:\/\/preinscripcio.gencat.cat\/ca\/estudis\/infantil-3-6\/informat\/prepara-documentacio\/\" target=\"_blank\" rel=\"noopener\" data-saferedirecturl=\"https:\/\/www.google.com\/url?q=https:\/\/preinscripcio.gencat.cat\/ca\/estudis\/infantil-3-6\/informat\/prepara-documentacio\/&amp;source=gmail&amp;ust=1772276687097000&amp;usg=AOvVaw0TkXL0auDyMgabcrMwo0wy\"><b><span style=\"color: #0000ff;\">Prepara la documentaci\u00f3<\/span><\/b><\/a><a href=\"https:\/\/preinscripcio.gencat.cat\/ca\/estudis\/infantil-3-6\/informat\/prepara-documentacio\/\" target=\"_blank\" rel=\"noopener\" data-saferedirecturl=\"https:\/\/www.google.com\/url?q=https:\/\/preinscripcio.gencat.cat\/ca\/estudis\/infantil-3-6\/informat\/prepara-documentacio\/&amp;source=gmail&amp;ust=1772276687097000&amp;usg=AOvVaw0TkXL0auDyMgabcrMwo0wy\"><b><span style=\"color: #0000ff;\">:<\/span><\/b><\/a><span style=\"color: #000000;\">\u00a0Tingueu fotografiada o escanejada la documentaci\u00f3 (d&#8217;identificaci\u00f3 i\/o de barem) en el mateix dispositiu des d&#8217;on fareu\u00a0 la sol\u00b7licitud de\u00a0preinscripci\u00f3, ja que s&#8217;ha\u00a0<\/span>d&#8217;annexar<span style=\"color: #000000;\">\u00a0<\/span>en el darrer pas del proc\u00e9s.<\/p>\n<p dir=\"ltr\">\u25cf El codi de centre del nostre\u00a0Institut Escola de Torrelles\u00a0\u00e9s\u00a008077851.\u00a0\u00a0El necessitareu per indicar-lo en primera opci\u00f3.<\/p>\n<p dir=\"ltr\">\u25cf\u00a0En cas que l&#8217;alumne\/a hagi estat escolaritzat amb anterioritat, ja des de l&#8217;escola bressol,\u00a0\u00e9s obligatori\u00a0<span style=\"color: #000000;\">fer constar, a la sol\u00b7licitud, el n\u00famero\u00a0<\/span>d\u2019Identificaci\u00f3<span style=\"color: #000000;\">\u00a0De\u00a0<\/span>l\u2019<wbr \/>Alumne<span style=\"color: #000000;\"> (IDALU-RALC) per poder lligar la sol\u00b7licitud al seu expedient acad\u00e8mic i personal,\u00a0 Aquest n\u00famero d&#8217;identificaci\u00f3 us el facilitar\u00e0 el centre d&#8217;on prov\u00e9 l&#8217;alumne\/a o cercant-lo en\u00a0 <a href=\"https:\/\/educacio.gencat.cat\/ca\/tramits\/tramits-temes\/identificador-alumne\" target=\"_blank\" rel=\"noopener\" data-saferedirecturl=\"https:\/\/www.google.com\/url?q=https:\/\/preinscripcio.gencat.cat\/ca\/estudis\/infantil-3-6\/informat\/prepara-documentacio\/&amp;source=gmail&amp;ust=1772276687097000&amp;usg=AOvVaw0TkXL0auDyMgabcrMwo0wy\"><b><span style=\"color: #0000ff;\">aquest enlla\u00e7.<\/span><\/b><\/a><\/span><\/p>\n<p dir=\"ltr\">\u25cf En el cas que hagueu de demanar el full d&#8217;empadronament a l&#8217;Ajuntament de Torrelles, recordeu que ha de constar en el full tots els membres de la unitat familiar que viuen en el domicili, no demaneu nom\u00e9s l&#8217;empadronament de l&#8217;alumne que volgueu\u00a0preinscriure.<\/p>\n<p dir=\"ltr\">\u25cf Seguiu el calendari establert ja que lliurar la sol\u00b7licitud o la documentaci\u00f3 fora de termini us fa perdre tots els drets d\u2019adscripci\u00f3 amb el risc que aix\u00f2 comporta de quedar-se sense pla\u00e7a al centre.<\/p>\n<div dir=\"ltr\"><strong>IMPORTANT : Les fam\u00edlies que viviu a Torrelles, en el camp de &#8220;Proximitat del domicili o lloc de treball&#8221;, heu de marcar la casella de ZONA EDUCATIVA, que \u00e9s\u00a0la que us correspon i \u00e9s l&#8217;opci\u00f3 amb m\u00e9s punts del barem.<\/strong><\/div>\n<p dir=\"ltr\">Si ho necessiteu, des del centre, us podem ajudar presencialment en la presentaci\u00f3 de les sol\u00b7licituds en l\u00ednia en horari de Secretaria, de 9h a 13h, a l\u2019Edifici Verd al carrer Ernest Lluch, 4. Tel\u00e8fon: 93 689 29 74.<\/p>\n","protected":false},"excerpt":{"rendered":"<p>Benvolgudes fam\u00edlies,<br \/>\nEns va agradar molt que vingu\u00e9ssiu a les jornades de Portes Obertes al nostre Institut Escola.<br \/>\nUs adjuntem la informaci\u00f3 per formalitzar la\u00a0preinscripci\u00f3\u00a0a partir del 4 de mar\u00e7.<br \/>\nEl per\u00edode de presentaci\u00f3 de sol\u00b7licituds de\u00a0preinscripci\u00f3\u00a0pel proper curs 2026-27 :<br \/>\n&#8211; per l&#8217;alumnat d&#8217;Educaci\u00f3 Infantil (INF) i Educaci\u00f3&hellip;  <a href=\"https:\/\/agora.xtec.cat\/ietorrelles\/portada\/preinscripcio-al-curs-2026-27\/\" title=\"Read PREINSCRIPCI\u00d3\u00a0al curs 2026-27\">Llegeix m\u00e9s\u00bb<\/a><\/p>\n","protected":false},"author":74,"featured_media":3819,"comment_status":"open","ping_status":"open","sticky":false,"template":"","format":"standard","meta":{"_bbp_topic_count":0,"_bbp_reply_count":0,"_bbp_total_topic_count":0,"_bbp_total_reply_count":0,"_bbp_voice_count":0,"_bbp_anonymous_reply_count":0,"_bbp_topic_count_hidden":0,"_bbp_reply_count_hidden":0,"_bbp_forum_subforum_count":0,"footnotes":""},"categories":[191],"tags":[190],"class_list":["post-3809","post","type-post","status-publish","format-standard","has-post-thumbnail","hentry","category-portada","tag-preinscripcio"],"post_mailing_queue_ids":[],"_links":{"self":[{"href":"https:\/\/agora.xtec.cat\/ietorrelles\/wp-json\/wp\/v2\/posts\/3809","targetHints":{"allow":["GET"]}}],"collection":[{"href":"https:\/\/agora.xtec.cat\/ietorrelles\/wp-json\/wp\/v2\/posts"}],"about":[{"href":"https:\/\/agora.xtec.cat\/ietorrelles\/wp-json\/wp\/v2\/types\/post"}],"author":[{"embeddable":true,"href":"https:\/\/agora.xtec.cat\/ietorrelles\/wp-json\/wp\/v2\/users\/74"}],"replies":[{"embeddable":true,"href":"https:\/\/agora.xtec.cat\/ietorrelles\/wp-json\/wp\/v2\/comments?post=3809"}],"version-history":[{"count":6,"href":"https:\/\/agora.xtec.cat\/ietorrelles\/wp-json\/wp\/v2\/posts\/3809\/revisions"}],"predecessor-version":[{"id":3821,"href":"https:\/\/agora.xtec.cat\/ietorrelles\/wp-json\/wp\/v2\/posts\/3809\/revisions\/3821"}],"wp:featuredmedia":[{"embeddable":true,"href":"https:\/\/agora.xtec.cat\/ietorrelles\/wp-json\/wp\/v2\/media\/3819"}],"wp:attachment":[{"href":"https:\/\/agora.xtec.cat\/ietorrelles\/wp-json\/wp\/v2\/media?parent=3809"}],"wp:term":[{"taxonomy":"category","embeddable":true,"href":"https:\/\/agora.xtec.cat\/ietorrelles\/wp-json\/wp\/v2\/categories?post=3809"},{"taxonomy":"post_tag","embeddable":true,"href":"https:\/\/agora.xtec.cat\/ietorrelles\/wp-json\/wp\/v2\/tags?post=3809"}],"curies":[{"name":"wp","href":"https:\/\/api.w.org\/{rel}","templated":true}]}}