{"id":3800,"date":"2026-02-11T08:06:24","date_gmt":"2026-02-11T07:06:24","guid":{"rendered":"https:\/\/agora.xtec.cat\/ietorrelles\/?p=3800"},"modified":"2026-02-11T08:06:24","modified_gmt":"2026-02-11T07:06:24","slug":"vaga-de-docents-de-l11-de-febrer","status":"publish","type":"post","link":"https:\/\/agora.xtec.cat\/ietorrelles\/eso-2\/vaga-de-docents-de-l11-de-febrer\/","title":{"rendered":"Vaga de docents de l\u201911 de febrer"},"content":{"rendered":"<p><b>Vaga de docents de l\u201911 de febrer<\/b><\/p>\n<p><span style=\"font-weight: 400;\">Les docents i els docents hem convocat una vaga avui <\/span><b>11 de febrer<\/b><span style=\"font-weight: 400;\"> per fer visible una situaci\u00f3 que fa temps que afecta el dia a dia dels centres educatius i, sobretot, la qualitat de l\u2019educaci\u00f3 que rep el vostre fill o filla.<\/span><\/p>\n<p><span style=\"font-weight: 400;\">Aquesta mobilitzaci\u00f3 no \u00e9s una decisi\u00f3 presa a la lleugera. Respon a la necessitat de reclamar millores que considerem imprescindibles per garantir una educaci\u00f3 p\u00fablica de qualitat.<\/span><\/p>\n<p><span style=\"font-weight: 400;\">Els principals motius de la vaga s\u00f3n:<\/span><\/p>\n<ul>\n<li style=\"font-weight: 400;\" aria-level=\"1\"><span style=\"font-weight: 400;\">R\u00e0tios elevades i massificaci\u00f3 a les aules<\/span><span style=\"font-weight: 400;\">\n<p><\/span><\/li>\n<li style=\"font-weight: 400;\" aria-level=\"1\"><span style=\"font-weight: 400;\">Manca de recursos humans i materials als centres educatius<\/span><span style=\"font-weight: 400;\">\n<p><\/span><\/li>\n<li style=\"font-weight: 400;\" aria-level=\"1\"><span style=\"font-weight: 400;\">Augment de la burocr\u00e0cia i sobrec\u00e0rrega administrativa<\/span><span style=\"font-weight: 400;\">\n<p><\/span><\/li>\n<li style=\"font-weight: 400;\" aria-level=\"1\"><span style=\"font-weight: 400;\">Inestabilitat i canvis constants en el sistema educatiu<\/span><span style=\"font-weight: 400;\">\n<p><\/span><\/li>\n<li style=\"font-weight: 400;\" aria-level=\"1\"><span style=\"font-weight: 400;\">Deteriorament de les condicions laborals del professorat<\/span><span style=\"font-weight: 400;\">\n<p><\/span><\/li>\n<\/ul>\n<p><span style=\"font-weight: 400;\">A continuaci\u00f3, expliquem aquests motius amb m\u00e9s detall.<\/span><\/p>\n<p><span style=\"font-weight: 400;\">En primer lloc, les <\/span><b>r\u00e0tios elevades i la massificaci\u00f3 a les aules<\/b><span style=\"font-weight: 400;\"> dificulten poder atendre l\u2019alumnat com es mereix. Amb grups massa nombrosos, \u00e9s molt complicat oferir una atenci\u00f3 individualitzada, detectar dificultats a temps o acompanyar adequadament l\u2019alumnat amb necessitats educatives espec\u00edfiques.<\/span><\/p>\n<p><span style=\"font-weight: 400;\">En segon lloc, la <\/span><b>manca de recursos humans i materials<\/b><span style=\"font-weight: 400;\"> limita greument la tasca educativa. La falta de personal de suport, d\u2019orientaci\u00f3 o d\u2019atenci\u00f3 educativa fa que molts centres no puguin donar una resposta adequada a la diversitat present a les aules.<\/span><\/p>\n<p><span style=\"font-weight: 400;\">Un altre problema important \u00e9s l\u2019<\/span><b>augment de la burocr\u00e0cia<\/b><span style=\"font-weight: 400;\">. Cada cop m\u00e9s temps del professorat es destina a tasques administratives, informes i tr\u00e0mits, en detriment del temps dedicat a preparar classes, coordinar-se, fer seguiment de l\u2019alumnat o atendre les fam\u00edlies. Aquesta sobrec\u00e0rrega acaba afectant directament la qualitat educativa.<\/span><\/p>\n<p><span style=\"font-weight: 400;\">Tamb\u00e9 denunciem la <\/span><b>inestabilitat del sistema educatiu<\/b><span style=\"font-weight: 400;\">, amb canvis constants en normatives i organitzaci\u00f3 que sovint s\u2019apliquen sense prou temps ni recursos. Aquesta situaci\u00f3 genera incertesa als centres i dificulta la continu\u00eftat dels projectes educatius.<\/span><\/p>\n<p><span style=\"font-weight: 400;\">Finalment, la vaga tamb\u00e9 respon al <\/span><b>deteriorament de les condicions laborals del professorat<\/b><span style=\"font-weight: 400;\">, amb una c\u00e0rrega de feina creixent, manca de reconeixement i p\u00e8rdua de poder adquisitiu. Un professorat cansat i precaritzat no pot oferir la millor educaci\u00f3 possible.<\/span><\/p>\n<p><span style=\"font-weight: 400;\">Som conscients de les mol\u00e8sties que una vaga pot ocasionar a les fam\u00edlies, per\u00f2 creiem fermament que defensar una educaci\u00f3 p\u00fablica de qualitat avui \u00e9s garantir un millor futur per a l\u2019alumnat.<\/span><\/p>\n<p><b>Per una educaci\u00f3 p\u00fablica de qualitat: cuidem l\u2019escola, cuidem l\u2019alumnat.<\/b><\/p>\n","protected":false},"excerpt":{"rendered":"<p>Vaga de docents de l\u201911 de febrer<br \/>\nLes docents i els docents hem convocat una vaga avui 11 de febrer per fer visible una situaci\u00f3 que fa temps que afecta el dia a dia dels centres educatius i, sobretot, la qualitat de l\u2019educaci\u00f3 que rep el&hellip;  <a href=\"https:\/\/agora.xtec.cat\/ietorrelles\/eso-2\/vaga-de-docents-de-l11-de-febrer\/\" title=\"Read Vaga de docents de l\u201911 de febrer\">Llegeix m\u00e9s\u00bb<\/a><\/p>\n","protected":false},"author":74,"featured_media":3801,"comment_status":"open","ping_status":"open","sticky":false,"template":"","format":"standard","meta":{"_bbp_topic_count":0,"_bbp_reply_count":0,"_bbp_total_topic_count":0,"_bbp_total_reply_count":0,"_bbp_voice_count":0,"_bbp_anonymous_reply_count":0,"_bbp_topic_count_hidden":0,"_bbp_reply_count_hidden":0,"_bbp_forum_subforum_count":0,"footnotes":""},"categories":[1],"tags":[],"class_list":["post-3800","post","type-post","status-publish","format-standard","has-post-thumbnail","hentry","category-eso-2"],"post_mailing_queue_ids":[],"_links":{"self":[{"href":"https:\/\/agora.xtec.cat\/ietorrelles\/wp-json\/wp\/v2\/posts\/3800","targetHints":{"allow":["GET"]}}],"collection":[{"href":"https:\/\/agora.xtec.cat\/ietorrelles\/wp-json\/wp\/v2\/posts"}],"about":[{"href":"https:\/\/agora.xtec.cat\/ietorrelles\/wp-json\/wp\/v2\/types\/post"}],"author":[{"embeddable":true,"href":"https:\/\/agora.xtec.cat\/ietorrelles\/wp-json\/wp\/v2\/users\/74"}],"replies":[{"embeddable":true,"href":"https:\/\/agora.xtec.cat\/ietorrelles\/wp-json\/wp\/v2\/comments?post=3800"}],"version-history":[{"count":1,"href":"https:\/\/agora.xtec.cat\/ietorrelles\/wp-json\/wp\/v2\/posts\/3800\/revisions"}],"predecessor-version":[{"id":3802,"href":"https:\/\/agora.xtec.cat\/ietorrelles\/wp-json\/wp\/v2\/posts\/3800\/revisions\/3802"}],"wp:featuredmedia":[{"embeddable":true,"href":"https:\/\/agora.xtec.cat\/ietorrelles\/wp-json\/wp\/v2\/media\/3801"}],"wp:attachment":[{"href":"https:\/\/agora.xtec.cat\/ietorrelles\/wp-json\/wp\/v2\/media?parent=3800"}],"wp:term":[{"taxonomy":"category","embeddable":true,"href":"https:\/\/agora.xtec.cat\/ietorrelles\/wp-json\/wp\/v2\/categories?post=3800"},{"taxonomy":"post_tag","embeddable":true,"href":"https:\/\/agora.xtec.cat\/ietorrelles\/wp-json\/wp\/v2\/tags?post=3800"}],"curies":[{"name":"wp","href":"https:\/\/api.w.org\/{rel}","templated":true}]}}