{"id":3757,"date":"2026-01-29T19:09:40","date_gmt":"2026-01-29T18:09:40","guid":{"rendered":"https:\/\/agora.xtec.cat\/ietorrelles\/?p=3757"},"modified":"2026-01-29T19:11:58","modified_gmt":"2026-01-29T18:11:58","slug":"festa-de-sant-pau-una-jornada-plena-de-tradicio-i-convivencia","status":"publish","type":"post","link":"https:\/\/agora.xtec.cat\/ietorrelles\/eso-2\/festa-de-sant-pau-una-jornada-plena-de-tradicio-i-convivencia\/","title":{"rendered":"Festa de Sant Pau: una jornada plena de tradici\u00f3 i conviv\u00e8ncia"},"content":{"rendered":"<p data-start=\"159\" data-end=\"269\">Us compartim un recull de fotografies de la <strong data-start=\"203\" data-end=\"224\">Festa de Sant Pau<\/strong> que vam celebrar divendres passat al centre.<\/p>\n<p data-start=\"271\" data-end=\"467\">La jornada va comen\u00e7ar amb una estona compartida a l\u2019<strong data-start=\"324\" data-end=\"340\">edifici verd<\/strong>, i va continuar amb activitats a cada edifici, on cada comunitat va poder gaudir de propostes adaptades a la seva edat i grup.<\/p>\n<p data-start=\"469\" data-end=\"851\">Al llarg del dia es van dur a terme diverses activitats t\u00edpiques de la <strong data-start=\"540\" data-end=\"580\">Festa Major de Sant Pau de Torrelles<\/strong>, com ara els <strong data-start=\"594\" data-end=\"609\">estelladors<\/strong>, els <strong data-start=\"615\" data-end=\"628\">carretons<\/strong>, una <strong data-start=\"634\" data-end=\"656\">cursa d\u2019orientaci\u00f3<\/strong>, <strong data-start=\"658\" data-end=\"672\">pintacares<\/strong>, el ball de la <strong data-start=\"688\" data-end=\"699\">focmiga<\/strong>, entre d\u2019altres. Totes aquestes propostes van fomentar la conviv\u00e8ncia, la participaci\u00f3 i el manteniment de les tradicions populars entre tot l\u2019alumnat.<\/p>\n<p data-start=\"853\" data-end=\"952\">Va ser una jornada molt especial, plena d\u2019alegria, aprenentatges compartits i esperit de comunitat.<\/p>\n<h3 data-start=\"954\" data-end=\"999\">\r\n\t<div class=\"slideshow_container slideshow_container_style-light\" style=\"height: 300px; \" data-slideshow-id=\"3760\" data-style-name=\"style-light\" data-style-version=\"2.3.1\" >\r\n\r\n\t\t\t\t\t<div class=\"slideshow_loading_icon\"><\/div>\r\n\t\t\r\n\t\t<div class=\"slideshow_content\" style=\"display: none;\">\r\n\r\n\t\t\t<div class=\"slideshow_view\">\r\n\t\t\t\t<div class=\"slideshow_slide slideshow_slide_image\">\r\n\t\t\t\t\t\t\t\t\t\t\t<img src=\"https:\/\/agora.xtec.cat\/ietorrelles\/wp-content\/uploads\/usu2293\/2026\/01\/5.jpg\" alt=\"5\" width=\"1080\" height=\"1350\" \/>\r\n\t\t\t\t\t\t\t\t\t\t<div class=\"slideshow_description_box slideshow_transparent\">\r\n\t\t\t\t\t\t<div class=\"slideshow_title\">5<\/div>\t\t\t\t\t\t\t\t\t\t\t<\/div>\r\n\t\t\t\t<\/div>\r\n\r\n\t\t\t\t\t\t<div style=\"clear: both;\"><\/div><\/div><div class=\"slideshow_view\">\r\n\t\t\t\t<div class=\"slideshow_slide slideshow_slide_image\">\r\n\t\t\t\t\t\t\t\t\t\t\t<img src=\"https:\/\/agora.xtec.cat\/ietorrelles\/wp-content\/uploads\/usu2293\/2026\/01\/4.jpg\" alt=\"4\" width=\"1080\" height=\"1350\" \/>\r\n\t\t\t\t\t\t\t\t\t\t<div class=\"slideshow_description_box slideshow_transparent\">\r\n\t\t\t\t\t\t<div class=\"slideshow_title\">4<\/div>\t\t\t\t\t\t\t\t\t\t\t<\/div>\r\n\t\t\t\t<\/div>\r\n\r\n\t\t\t\t\t\t<div style=\"clear: both;\"><\/div><\/div><div class=\"slideshow_view\">\r\n\t\t\t\t<div class=\"slideshow_slide slideshow_slide_image\">\r\n\t\t\t\t\t\t\t\t\t\t\t<img src=\"https:\/\/agora.xtec.cat\/ietorrelles\/wp-content\/uploads\/usu2293\/2026\/01\/2.jpg\" alt=\"2\" width=\"1080\" height=\"1350\" \/>\r\n\t\t\t\t\t\t\t\t\t\t<div class=\"slideshow_description_box slideshow_transparent\">\r\n\t\t\t\t\t\t<div class=\"slideshow_title\">2<\/div>\t\t\t\t\t\t\t\t\t\t\t<\/div>\r\n\t\t\t\t<\/div>\r\n\r\n\t\t\t\t\t\t<div style=\"clear: both;\"><\/div><\/div><div class=\"slideshow_view\">\r\n\t\t\t\t<div class=\"slideshow_slide slideshow_slide_image\">\r\n\t\t\t\t\t\t\t\t\t\t\t<img src=\"https:\/\/agora.xtec.cat\/ietorrelles\/wp-content\/uploads\/usu2293\/2026\/01\/3.jpg\" alt=\"3\" width=\"1080\" height=\"1350\" \/>\r\n\t\t\t\t\t\t\t\t\t\t<div class=\"slideshow_description_box slideshow_transparent\">\r\n\t\t\t\t\t\t<div class=\"slideshow_title\">3<\/div>\t\t\t\t\t\t\t\t\t\t\t<\/div>\r\n\t\t\t\t<\/div>\r\n\r\n\t\t\t\t\t\t<div style=\"clear: both;\"><\/div><\/div>\r\n\t\t<\/div>\r\n\r\n\t\t<div class=\"slideshow_controlPanel slideshow_transparent\" style=\"display: none;\"><ul><li class=\"slideshow_togglePlay\" data-play-text=\"Visualitza\" data-pause-text=\"Pausa\"><\/li><\/ul><\/div>\r\n\r\n\t\t<div class=\"slideshow_button slideshow_previous slideshow_transparent\" role=\"button\" data-previous-text=\"Anterior\" style=\"display: none;\"><\/div>\r\n\t\t<div class=\"slideshow_button slideshow_next slideshow_transparent\" role=\"button\" data-next-text=\"Seg\u00fcent\" style=\"display: none;\"><\/div>\r\n\r\n\t\t<div class=\"slideshow_pagination\" style=\"display: none;\" data-go-to-text=\"V\u00e9s a la diapositiva\"><div class=\"slideshow_pagination_center\"><\/div><\/div>\r\n\r\n\t\t<!-- WordPress Slideshow Version 2.3.1 -->\r\n\r\n\t\t\t<\/div>\r\n\r\n<\/h3>\n<h3 data-start=\"954\" data-end=\"999\">Resultat del sorteig de les paneres de 6\u00e8<\/h3>\n<p data-start=\"1001\" data-end=\"1090\">Tamb\u00e9 us informem del resultat del sorteig de les paneres organitzat per l\u2019alumnat de 6\u00e8.<\/p>\n<p data-start=\"1092\" data-end=\"1125\"><strong data-start=\"1092\" data-end=\"1125\">N\u00fameros guanyadors: 282 i 688<\/strong><\/p>\n<p data-start=\"1127\" data-end=\"1215\">Les persones guanyadores poden posar-se en contacte amb el centre per recollir el premi.<\/p>\n<p data-start=\"1217\" data-end=\"1292\">Gr\u00e0cies a tothom per la participaci\u00f3 i per fer possible aquesta celebraci\u00f3!<\/p>\n","protected":false},"excerpt":{"rendered":"<p>Us compartim un recull de fotografies de la Festa de Sant Pau que vam celebrar divendres passat al centre.<br \/>\nLa jornada va comen\u00e7ar amb una estona compartida a l\u2019edifici verd, i va continuar amb activitats a cada edifici, on cada comunitat va poder gaudir de propostes&hellip;  <a href=\"https:\/\/agora.xtec.cat\/ietorrelles\/eso-2\/festa-de-sant-pau-una-jornada-plena-de-tradicio-i-convivencia\/\" title=\"Read Festa de Sant Pau: una jornada plena de tradici\u00f3 i conviv\u00e8ncia\">Llegeix m\u00e9s\u00bb<\/a><\/p>\n","protected":false},"author":74,"featured_media":3758,"comment_status":"open","ping_status":"open","sticky":false,"template":"","format":"standard","meta":{"_bbp_topic_count":0,"_bbp_reply_count":0,"_bbp_total_topic_count":0,"_bbp_total_reply_count":0,"_bbp_voice_count":0,"_bbp_anonymous_reply_count":0,"_bbp_topic_count_hidden":0,"_bbp_reply_count_hidden":0,"_bbp_forum_subforum_count":0,"footnotes":""},"categories":[1,2,5],"tags":[187,161,146,147,189],"class_list":["post-3757","post","type-post","status-publish","format-standard","has-post-thumbnail","hentry","category-eso-2","category-infantil","category-primaria","tag-comunitat-de-joves","tag-comunitat-de-petits","tag-comunitat-grans","tag-comunitat-mitjans","tag-sant-pau"],"post_mailing_queue_ids":[],"_links":{"self":[{"href":"https:\/\/agora.xtec.cat\/ietorrelles\/wp-json\/wp\/v2\/posts\/3757","targetHints":{"allow":["GET"]}}],"collection":[{"href":"https:\/\/agora.xtec.cat\/ietorrelles\/wp-json\/wp\/v2\/posts"}],"about":[{"href":"https:\/\/agora.xtec.cat\/ietorrelles\/wp-json\/wp\/v2\/types\/post"}],"author":[{"embeddable":true,"href":"https:\/\/agora.xtec.cat\/ietorrelles\/wp-json\/wp\/v2\/users\/74"}],"replies":[{"embeddable":true,"href":"https:\/\/agora.xtec.cat\/ietorrelles\/wp-json\/wp\/v2\/comments?post=3757"}],"version-history":[{"count":2,"href":"https:\/\/agora.xtec.cat\/ietorrelles\/wp-json\/wp\/v2\/posts\/3757\/revisions"}],"predecessor-version":[{"id":3767,"href":"https:\/\/agora.xtec.cat\/ietorrelles\/wp-json\/wp\/v2\/posts\/3757\/revisions\/3767"}],"wp:featuredmedia":[{"embeddable":true,"href":"https:\/\/agora.xtec.cat\/ietorrelles\/wp-json\/wp\/v2\/media\/3758"}],"wp:attachment":[{"href":"https:\/\/agora.xtec.cat\/ietorrelles\/wp-json\/wp\/v2\/media?parent=3757"}],"wp:term":[{"taxonomy":"category","embeddable":true,"href":"https:\/\/agora.xtec.cat\/ietorrelles\/wp-json\/wp\/v2\/categories?post=3757"},{"taxonomy":"post_tag","embeddable":true,"href":"https:\/\/agora.xtec.cat\/ietorrelles\/wp-json\/wp\/v2\/tags?post=3757"}],"curies":[{"name":"wp","href":"https:\/\/api.w.org\/{rel}","templated":true}]}}