{"id":3740,"date":"2026-01-29T18:03:11","date_gmt":"2026-01-29T17:03:11","guid":{"rendered":"https:\/\/agora.xtec.cat\/ietorrelles\/?p=3740"},"modified":"2026-01-29T18:11:25","modified_gmt":"2026-01-29T17:11:25","slug":"visita-al-palau-de-la-musica","status":"publish","type":"post","link":"https:\/\/agora.xtec.cat\/ietorrelles\/eso-2\/visita-al-palau-de-la-musica\/","title":{"rendered":"Visita al Palau de la M\u00fasica"},"content":{"rendered":"<p><a href=\"https:\/\/agora.xtec.cat\/ietorrelles\/wp-content\/uploads\/usu2293\/2026\/01\/PALAU-DE-LA-MUSICA.jpg\"><img loading=\"lazy\" decoding=\"async\" class=\"wp-image-3741 alignleft\" src=\"https:\/\/agora.xtec.cat\/ietorrelles\/wp-content\/uploads\/usu2293\/2026\/01\/PALAU-DE-LA-MUSICA.jpg\" alt=\"\" width=\"453\" height=\"566\" srcset=\"https:\/\/agora.xtec.cat\/ietorrelles\/wp-content\/uploads\/usu2293\/2026\/01\/PALAU-DE-LA-MUSICA.jpg 1080w, https:\/\/agora.xtec.cat\/ietorrelles\/wp-content\/uploads\/usu2293\/2026\/01\/PALAU-DE-LA-MUSICA-240x300.jpg 240w, https:\/\/agora.xtec.cat\/ietorrelles\/wp-content\/uploads\/usu2293\/2026\/01\/PALAU-DE-LA-MUSICA-819x1024.jpg 819w, https:\/\/agora.xtec.cat\/ietorrelles\/wp-content\/uploads\/usu2293\/2026\/01\/PALAU-DE-LA-MUSICA-768x960.jpg 768w\" sizes=\"auto, (max-width: 453px) 100vw, 453px\" \/><\/a>L\u2019alumnat de 2n d\u2019ESO va visitar el Palau de la M\u00fasica Catalana el passat dijous 22 de febrer per assistir a un concert de jazz i swing en directe a c\u00e0rrec de membres del Taller de M\u00fasics de Barcelona.<\/p>\n<p>Durant l\u2019actuaci\u00f3, els int\u00e8rprets van explicar la hist\u00f2ria del jazz mentre demostraven un alt\u00edssim nivell t\u00e8cnic i interpretatiu.<\/p>\n<p>L&#8217;objectiu de l\u2019activitat era con\u00e8ixer la hist\u00f2ria del jazz a trav\u00e9s de l\u2019experi\u00e8ncia \u00fanica de la m\u00fasica en viu, en un espai emblem\u00e0tic.<\/p>\n","protected":false},"excerpt":{"rendered":"<p><a href=\"https:\/\/agora.xtec.cat\/ietorrelles\/wp-content\/uploads\/usu2293\/2026\/01\/PALAU-DE-LA-MUSICA.jpg\"><\/a>L\u2019alumnat de 2n d\u2019ESO va visitar el Palau de la M\u00fasica Catalana el passat dijous 22 de febrer per assistir a un concert de jazz i swing en directe a c\u00e0rrec de membres del Taller de M\u00fasics de Barcelona.<br \/>\nDurant l\u2019actuaci\u00f3, els int\u00e8rprets van explicar&hellip;  <a href=\"https:\/\/agora.xtec.cat\/ietorrelles\/eso-2\/visita-al-palau-de-la-musica\/\" title=\"Read Visita al Palau de la M\u00fasica\">Llegeix m\u00e9s\u00bb<\/a><\/p>\n","protected":false},"author":74,"featured_media":3741,"comment_status":"open","ping_status":"open","sticky":false,"template":"","format":"standard","meta":{"_bbp_topic_count":0,"_bbp_reply_count":0,"_bbp_total_topic_count":0,"_bbp_total_reply_count":0,"_bbp_voice_count":0,"_bbp_anonymous_reply_count":0,"_bbp_topic_count_hidden":0,"_bbp_reply_count_hidden":0,"_bbp_forum_subforum_count":0,"footnotes":""},"categories":[64,1],"tags":[187,167,186,103,115],"class_list":["post-3740","post","type-post","status-publish","format-standard","has-post-thumbnail","hentry","category-2n-deso","category-eso-2","tag-comunitat-de-joves","tag-eso","tag-musica","tag-secundaria","tag-sortida"],"post_mailing_queue_ids":[],"_links":{"self":[{"href":"https:\/\/agora.xtec.cat\/ietorrelles\/wp-json\/wp\/v2\/posts\/3740","targetHints":{"allow":["GET"]}}],"collection":[{"href":"https:\/\/agora.xtec.cat\/ietorrelles\/wp-json\/wp\/v2\/posts"}],"about":[{"href":"https:\/\/agora.xtec.cat\/ietorrelles\/wp-json\/wp\/v2\/types\/post"}],"author":[{"embeddable":true,"href":"https:\/\/agora.xtec.cat\/ietorrelles\/wp-json\/wp\/v2\/users\/74"}],"replies":[{"embeddable":true,"href":"https:\/\/agora.xtec.cat\/ietorrelles\/wp-json\/wp\/v2\/comments?post=3740"}],"version-history":[{"count":1,"href":"https:\/\/agora.xtec.cat\/ietorrelles\/wp-json\/wp\/v2\/posts\/3740\/revisions"}],"predecessor-version":[{"id":3742,"href":"https:\/\/agora.xtec.cat\/ietorrelles\/wp-json\/wp\/v2\/posts\/3740\/revisions\/3742"}],"wp:featuredmedia":[{"embeddable":true,"href":"https:\/\/agora.xtec.cat\/ietorrelles\/wp-json\/wp\/v2\/media\/3741"}],"wp:attachment":[{"href":"https:\/\/agora.xtec.cat\/ietorrelles\/wp-json\/wp\/v2\/media?parent=3740"}],"wp:term":[{"taxonomy":"category","embeddable":true,"href":"https:\/\/agora.xtec.cat\/ietorrelles\/wp-json\/wp\/v2\/categories?post=3740"},{"taxonomy":"post_tag","embeddable":true,"href":"https:\/\/agora.xtec.cat\/ietorrelles\/wp-json\/wp\/v2\/tags?post=3740"}],"curies":[{"name":"wp","href":"https:\/\/api.w.org\/{rel}","templated":true}]}}