{"id":3725,"date":"2026-01-13T15:55:16","date_gmt":"2026-01-13T14:55:16","guid":{"rendered":"https:\/\/agora.xtec.cat\/ietorrelles\/?p=3725"},"modified":"2026-01-13T15:56:33","modified_gmt":"2026-01-13T14:56:33","slug":"els-estelladors-de-torrelles-visiten-3r-de-primaria","status":"publish","type":"post","link":"https:\/\/agora.xtec.cat\/ietorrelles\/eso-2\/primaria\/els-estelladors-de-torrelles-visiten-3r-de-primaria\/","title":{"rendered":"Els estelladors de Torrelles visiten 3r de prim\u00e0ria"},"content":{"rendered":"<p><a href=\"https:\/\/agora.xtec.cat\/ietorrelles\/wp-content\/uploads\/usu2293\/2026\/01\/IMG_2378-2.jpeg\"><img loading=\"lazy\" decoding=\"async\" class=\"wp-image-3726 alignleft\" src=\"https:\/\/agora.xtec.cat\/ietorrelles\/wp-content\/uploads\/usu2293\/2026\/01\/IMG_2378-2.jpeg\" alt=\"\" width=\"515\" height=\"386\" srcset=\"https:\/\/agora.xtec.cat\/ietorrelles\/wp-content\/uploads\/usu2293\/2026\/01\/IMG_2378-2.jpeg 2016w, https:\/\/agora.xtec.cat\/ietorrelles\/wp-content\/uploads\/usu2293\/2026\/01\/IMG_2378-2-300x225.jpeg 300w, https:\/\/agora.xtec.cat\/ietorrelles\/wp-content\/uploads\/usu2293\/2026\/01\/IMG_2378-2-1024x768.jpeg 1024w, https:\/\/agora.xtec.cat\/ietorrelles\/wp-content\/uploads\/usu2293\/2026\/01\/IMG_2378-2-768x576.jpeg 768w, https:\/\/agora.xtec.cat\/ietorrelles\/wp-content\/uploads\/usu2293\/2026\/01\/IMG_2378-2-1536x1152.jpeg 1536w, https:\/\/agora.xtec.cat\/ietorrelles\/wp-content\/uploads\/usu2293\/2026\/01\/IMG_2378-2-200x150.jpeg 200w\" sizes=\"auto, (max-width: 515px) 100vw, 515px\" \/><\/a>Avui els alumnes de 3r de prim\u00e0ria hem rebut una visita molt especial: el Pere, el Gerard, el Joan i el Rub\u00e9n, membres del grup d\u2019estelladors de Torrelles de Llobregat. Ens han apropat a una tradici\u00f3 molt antiga i arrelada al poble d\u2019una manera propera i entenedora.<\/p>\n<p>Durant la xerrada, ens han explicat com va comen\u00e7ar el concurs d\u2019estellada a Torrelles i com ha anat evolucionant al llarg dels anys, fins a convertir-se en una activitat molt important per al municipi. Tamb\u00e9 hem apr\u00e8s per qu\u00e8 \u00e9s important apilar b\u00e9 la llenya i com s\u2019ha fet sempre de la mateixa manera, tal com els ho van ensenyar.<\/p>\n<p>Els estelladors ens han mostrat les eines que fan servir, com la destral, el tasc\u00f3 i la massa, i ens han explicat com es fabriquen i qui les fa. Ha estat molt interessant descobrir que algunes eines, sobretot les adaptades per a nens i nenes, les han hagut de fer ells mateixos.<\/p>\n<p>Per acabar, els alumnes han pogut estellar la fusta, una experi\u00e8ncia que han viscut amb molta emoci\u00f3. Tots i totes s&#8217;ho han passat molt b\u00e9 i han gaudit molt d&#8217;aquesta activitat, que ens ha perm\u00e8s con\u00e8ixer millor una tradici\u00f3 popular del nostre poble.<\/p>\n<p>Ha estat una visita molt enriquidora i divertida!<\/p>\n","protected":false},"excerpt":{"rendered":"<p><a href=\"https:\/\/agora.xtec.cat\/ietorrelles\/wp-content\/uploads\/usu2293\/2026\/01\/IMG_2378-2.jpeg\"><\/a>Avui els alumnes de 3r de prim\u00e0ria hem rebut una visita molt especial: el Pere, el Gerard, el Joan i el Rub\u00e9n, membres del grup d\u2019estelladors de Torrelles de Llobregat. Ens han apropat a una tradici\u00f3 molt antiga i arrelada al poble d\u2019una manera&hellip;  <a href=\"https:\/\/agora.xtec.cat\/ietorrelles\/eso-2\/primaria\/els-estelladors-de-torrelles-visiten-3r-de-primaria\/\" title=\"Read Els estelladors de Torrelles visiten 3r de prim\u00e0ria\">Llegeix m\u00e9s\u00bb<\/a><\/p>\n","protected":false},"author":74,"featured_media":3726,"comment_status":"open","ping_status":"open","sticky":false,"template":"","format":"standard","meta":{"_bbp_topic_count":0,"_bbp_reply_count":0,"_bbp_total_topic_count":0,"_bbp_total_reply_count":0,"_bbp_voice_count":0,"_bbp_anonymous_reply_count":0,"_bbp_topic_count_hidden":0,"_bbp_reply_count_hidden":0,"_bbp_forum_subforum_count":0,"footnotes":""},"categories":[12,5],"tags":[147],"class_list":["post-3725","post","type-post","status-publish","format-standard","has-post-thumbnail","hentry","category-3r","category-primaria","tag-comunitat-mitjans"],"post_mailing_queue_ids":[],"_links":{"self":[{"href":"https:\/\/agora.xtec.cat\/ietorrelles\/wp-json\/wp\/v2\/posts\/3725","targetHints":{"allow":["GET"]}}],"collection":[{"href":"https:\/\/agora.xtec.cat\/ietorrelles\/wp-json\/wp\/v2\/posts"}],"about":[{"href":"https:\/\/agora.xtec.cat\/ietorrelles\/wp-json\/wp\/v2\/types\/post"}],"author":[{"embeddable":true,"href":"https:\/\/agora.xtec.cat\/ietorrelles\/wp-json\/wp\/v2\/users\/74"}],"replies":[{"embeddable":true,"href":"https:\/\/agora.xtec.cat\/ietorrelles\/wp-json\/wp\/v2\/comments?post=3725"}],"version-history":[{"count":2,"href":"https:\/\/agora.xtec.cat\/ietorrelles\/wp-json\/wp\/v2\/posts\/3725\/revisions"}],"predecessor-version":[{"id":3728,"href":"https:\/\/agora.xtec.cat\/ietorrelles\/wp-json\/wp\/v2\/posts\/3725\/revisions\/3728"}],"wp:featuredmedia":[{"embeddable":true,"href":"https:\/\/agora.xtec.cat\/ietorrelles\/wp-json\/wp\/v2\/media\/3726"}],"wp:attachment":[{"href":"https:\/\/agora.xtec.cat\/ietorrelles\/wp-json\/wp\/v2\/media?parent=3725"}],"wp:term":[{"taxonomy":"category","embeddable":true,"href":"https:\/\/agora.xtec.cat\/ietorrelles\/wp-json\/wp\/v2\/categories?post=3725"},{"taxonomy":"post_tag","embeddable":true,"href":"https:\/\/agora.xtec.cat\/ietorrelles\/wp-json\/wp\/v2\/tags?post=3725"}],"curies":[{"name":"wp","href":"https:\/\/api.w.org\/{rel}","templated":true}]}}