{"id":3711,"date":"2025-12-17T16:01:41","date_gmt":"2025-12-17T15:01:41","guid":{"rendered":"https:\/\/agora.xtec.cat\/ietorrelles\/?p=3711"},"modified":"2025-12-17T16:01:41","modified_gmt":"2025-12-17T15:01:41","slug":"cartes-de-penpals-a-tujereng","status":"publish","type":"post","link":"https:\/\/agora.xtec.cat\/ietorrelles\/eso-2\/primaria\/5e\/cartes-de-penpals-a-tujereng\/","title":{"rendered":"Cartes de penpals a Tujereng"},"content":{"rendered":"<p>Ja han arribat les primeres cartes de penpals, escrites en angl\u00e8s pel nostre alumnat de 5\u00e8 de prim\u00e0ria a 2n d\u2019ESO, a Tujereng!<\/p>\n<p><a style=\"color: #2795b6;\" href=\"https:\/\/agora.xtec.cat\/ietorrelles\/wp-content\/uploads\/usu2293\/2025\/12\/Diseno-sin-titulo-13.png\"><img loading=\"lazy\" decoding=\"async\" class=\"size-medium wp-image-3712 alignleft\" src=\"https:\/\/agora.xtec.cat\/ietorrelles\/wp-content\/uploads\/usu2293\/2025\/12\/Diseno-sin-titulo-13-240x300.png\" alt=\"\" width=\"240\" height=\"300\" srcset=\"https:\/\/agora.xtec.cat\/ietorrelles\/wp-content\/uploads\/usu2293\/2025\/12\/Diseno-sin-titulo-13-240x300.png 240w, https:\/\/agora.xtec.cat\/ietorrelles\/wp-content\/uploads\/usu2293\/2025\/12\/Diseno-sin-titulo-13-819x1024.png 819w, https:\/\/agora.xtec.cat\/ietorrelles\/wp-content\/uploads\/usu2293\/2025\/12\/Diseno-sin-titulo-13-768x960.png 768w, https:\/\/agora.xtec.cat\/ietorrelles\/wp-content\/uploads\/usu2293\/2025\/12\/Diseno-sin-titulo-13.png 1080w\" sizes=\"auto, (max-width: 240px) 100vw, 240px\" \/><\/a>Un membre de l\u2019entitat Fandema\u00a0ha estat l\u2019encarregat de fer-les arribar en m\u00e0 al Sr. Manneh, regidor d\u2019educaci\u00f3 de Tujereng \u2014que les entregar\u00e0 a les escoles p\u00fabliques del municipi\u2014, al Sr. Jatta, mestre i coordinador de l\u2019escola FINPS de Mbolo, aix\u00ed com als directors i al personal docent de les escoles Tujereng Upper Basic i Senior Secondary.<\/p>\n<p>Esperem comen\u00e7ar a rebre respostes ben aviat!<\/p>\n<p>Aquest projecte forma part de l\u2019agermanament de Torrelles amb Tujereng i estem molt orgullosos de participar-hi i de fomentar que el nostre alumnat conegui altres realitats, comparteixi experi\u00e8ncies i aprengui en cooperaci\u00f3 amb infants d\u2019altres indrets, en aquest cas, de G\u00e0mbia.<\/p>\n<p>&nbsp;<\/p>\n","protected":false},"excerpt":{"rendered":"<p>Ja han arribat les primeres cartes de penpals, escrites en angl\u00e8s pel nostre alumnat de 5\u00e8 de prim\u00e0ria a 2n d\u2019ESO, a Tujereng!<br \/>\n<a style=\"color: #2795b6;\" href=\"https:\/\/agora.xtec.cat\/ietorrelles\/wp-content\/uploads\/usu2293\/2025\/12\/Diseno-sin-titulo-13.png\"><\/a>Un membre de l\u2019entitat Fandema\u00a0ha estat l\u2019encarregat de fer-les arribar en m\u00e0 al Sr. Manneh, regidor d\u2019educaci\u00f3 de Tujereng \u2014que&hellip;  <a href=\"https:\/\/agora.xtec.cat\/ietorrelles\/eso-2\/primaria\/5e\/cartes-de-penpals-a-tujereng\/\" title=\"Read Cartes de penpals a Tujereng\">Llegeix m\u00e9s\u00bb<\/a><\/p>\n","protected":false},"author":74,"featured_media":3712,"comment_status":"open","ping_status":"open","sticky":false,"template":"","format":"standard","meta":{"_bbp_topic_count":0,"_bbp_reply_count":0,"_bbp_total_topic_count":0,"_bbp_total_reply_count":0,"_bbp_voice_count":0,"_bbp_anonymous_reply_count":0,"_bbp_topic_count_hidden":0,"_bbp_reply_count_hidden":0,"_bbp_forum_subforum_count":0,"footnotes":""},"categories":[63,64,14,15],"tags":[107,146,104,97,98,105],"class_list":["post-3711","post","type-post","status-publish","format-standard","has-post-thumbnail","hentry","category-1r-deso","category-2n-deso","category-5e","category-6e","tag-agermanament","tag-comunitat-grans","tag-cooperacio-internacional","tag-fandema","tag-gambia","tag-tujereng"],"post_mailing_queue_ids":[],"_links":{"self":[{"href":"https:\/\/agora.xtec.cat\/ietorrelles\/wp-json\/wp\/v2\/posts\/3711","targetHints":{"allow":["GET"]}}],"collection":[{"href":"https:\/\/agora.xtec.cat\/ietorrelles\/wp-json\/wp\/v2\/posts"}],"about":[{"href":"https:\/\/agora.xtec.cat\/ietorrelles\/wp-json\/wp\/v2\/types\/post"}],"author":[{"embeddable":true,"href":"https:\/\/agora.xtec.cat\/ietorrelles\/wp-json\/wp\/v2\/users\/74"}],"replies":[{"embeddable":true,"href":"https:\/\/agora.xtec.cat\/ietorrelles\/wp-json\/wp\/v2\/comments?post=3711"}],"version-history":[{"count":1,"href":"https:\/\/agora.xtec.cat\/ietorrelles\/wp-json\/wp\/v2\/posts\/3711\/revisions"}],"predecessor-version":[{"id":3713,"href":"https:\/\/agora.xtec.cat\/ietorrelles\/wp-json\/wp\/v2\/posts\/3711\/revisions\/3713"}],"wp:featuredmedia":[{"embeddable":true,"href":"https:\/\/agora.xtec.cat\/ietorrelles\/wp-json\/wp\/v2\/media\/3712"}],"wp:attachment":[{"href":"https:\/\/agora.xtec.cat\/ietorrelles\/wp-json\/wp\/v2\/media?parent=3711"}],"wp:term":[{"taxonomy":"category","embeddable":true,"href":"https:\/\/agora.xtec.cat\/ietorrelles\/wp-json\/wp\/v2\/categories?post=3711"},{"taxonomy":"post_tag","embeddable":true,"href":"https:\/\/agora.xtec.cat\/ietorrelles\/wp-json\/wp\/v2\/tags?post=3711"}],"curies":[{"name":"wp","href":"https:\/\/api.w.org\/{rel}","templated":true}]}}