{"id":3703,"date":"2025-12-15T15:33:27","date_gmt":"2025-12-15T14:33:27","guid":{"rendered":"https:\/\/agora.xtec.cat\/ietorrelles\/?p=3703"},"modified":"2025-12-15T15:33:27","modified_gmt":"2025-12-15T14:33:27","slug":"nadal-a-la-comunitat-de-petits","status":"publish","type":"post","link":"https:\/\/agora.xtec.cat\/ietorrelles\/eso-2\/nadal-a-la-comunitat-de-petits\/","title":{"rendered":"Nadal a la comunitat de petits"},"content":{"rendered":"<p>Aquest final de trimestre \u00e9s molt emocionant pels m\u00e9s petits de l&#8217;institut escola.<\/p>\n<p>Fa poquet vam anar a buscar el ti\u00f3 que ens havia deixat moltes pistes perqu\u00e8 el trob\u00e9ssim, el vam portar al vest\u00edbul de l&#8217;entrada i el vam tapar amb la seva manteta. Aquests dies, li estem donant molt menjar perqu\u00e8 ens cagui moltes coses!<\/p>\n<p>Tamb\u00e9, va venir la Merc\u00e8, la mama del Kai, a explicar-nos moltes cosetes de la ruta dels tions de Torrelles.<\/p>\n<p>I avui mateix ens han vingut a visitar tres patges reials! Hem aprofitat per donar-los les nostres cartes amb els nostres desitjos de Nadal. Esperem que els reis ens portin moltes cosetes!<\/p>\n<p><a href=\"https:\/\/agora.xtec.cat\/ietorrelles\/wp-content\/uploads\/usu2293\/2025\/12\/Disseny-sense-titol-1.jpg\"><img loading=\"lazy\" decoding=\"async\" class=\"aligncenter size-medium wp-image-3707\" src=\"https:\/\/agora.xtec.cat\/ietorrelles\/wp-content\/uploads\/usu2293\/2025\/12\/Disseny-sense-titol-1-232x300.jpg\" alt=\"\" width=\"232\" height=\"300\" srcset=\"https:\/\/agora.xtec.cat\/ietorrelles\/wp-content\/uploads\/usu2293\/2025\/12\/Disseny-sense-titol-1-232x300.jpg 232w, https:\/\/agora.xtec.cat\/ietorrelles\/wp-content\/uploads\/usu2293\/2025\/12\/Disseny-sense-titol-1-791x1024.jpg 791w, https:\/\/agora.xtec.cat\/ietorrelles\/wp-content\/uploads\/usu2293\/2025\/12\/Disseny-sense-titol-1-768x994.jpg 768w, https:\/\/agora.xtec.cat\/ietorrelles\/wp-content\/uploads\/usu2293\/2025\/12\/Disseny-sense-titol-1-1187x1536.jpg 1187w, https:\/\/agora.xtec.cat\/ietorrelles\/wp-content\/uploads\/usu2293\/2025\/12\/Disseny-sense-titol-1.jpg 1545w\" sizes=\"auto, (max-width: 232px) 100vw, 232px\" \/><\/a><\/p>\n<p>&nbsp;<\/p>\n<p>&nbsp;<\/p>\n","protected":false},"excerpt":{"rendered":"<p>Aquest final de trimestre \u00e9s molt emocionant pels m\u00e9s petits de l&#8217;institut escola.<br \/>\nFa poquet vam anar a buscar el ti\u00f3 que ens havia deixat moltes pistes perqu\u00e8 el trob\u00e9ssim, el vam portar al vest\u00edbul de l&#8217;entrada i el vam tapar amb la seva manteta. Aquests&hellip;  <a href=\"https:\/\/agora.xtec.cat\/ietorrelles\/eso-2\/nadal-a-la-comunitat-de-petits\/\" title=\"Read Nadal a la comunitat de petits\">Llegeix m\u00e9s\u00bb<\/a><\/p>\n","protected":false},"author":66,"featured_media":3709,"comment_status":"open","ping_status":"open","sticky":false,"template":"","format":"standard","meta":{"_bbp_topic_count":0,"_bbp_reply_count":0,"_bbp_total_topic_count":0,"_bbp_total_reply_count":0,"_bbp_voice_count":0,"_bbp_anonymous_reply_count":0,"_bbp_topic_count_hidden":0,"_bbp_reply_count_hidden":0,"_bbp_forum_subforum_count":0,"footnotes":""},"categories":[1,3,8,9,2],"tags":[185],"class_list":["post-3703","post","type-post","status-publish","format-standard","has-post-thumbnail","hentry","category-eso-2","category-i3","category-i4","category-i5","category-infantil","tag-nadal-a-la-comunitat-de-petits"],"post_mailing_queue_ids":[],"_links":{"self":[{"href":"https:\/\/agora.xtec.cat\/ietorrelles\/wp-json\/wp\/v2\/posts\/3703","targetHints":{"allow":["GET"]}}],"collection":[{"href":"https:\/\/agora.xtec.cat\/ietorrelles\/wp-json\/wp\/v2\/posts"}],"about":[{"href":"https:\/\/agora.xtec.cat\/ietorrelles\/wp-json\/wp\/v2\/types\/post"}],"author":[{"embeddable":true,"href":"https:\/\/agora.xtec.cat\/ietorrelles\/wp-json\/wp\/v2\/users\/66"}],"replies":[{"embeddable":true,"href":"https:\/\/agora.xtec.cat\/ietorrelles\/wp-json\/wp\/v2\/comments?post=3703"}],"version-history":[{"count":2,"href":"https:\/\/agora.xtec.cat\/ietorrelles\/wp-json\/wp\/v2\/posts\/3703\/revisions"}],"predecessor-version":[{"id":3710,"href":"https:\/\/agora.xtec.cat\/ietorrelles\/wp-json\/wp\/v2\/posts\/3703\/revisions\/3710"}],"wp:featuredmedia":[{"embeddable":true,"href":"https:\/\/agora.xtec.cat\/ietorrelles\/wp-json\/wp\/v2\/media\/3709"}],"wp:attachment":[{"href":"https:\/\/agora.xtec.cat\/ietorrelles\/wp-json\/wp\/v2\/media?parent=3703"}],"wp:term":[{"taxonomy":"category","embeddable":true,"href":"https:\/\/agora.xtec.cat\/ietorrelles\/wp-json\/wp\/v2\/categories?post=3703"},{"taxonomy":"post_tag","embeddable":true,"href":"https:\/\/agora.xtec.cat\/ietorrelles\/wp-json\/wp\/v2\/tags?post=3703"}],"curies":[{"name":"wp","href":"https:\/\/api.w.org\/{rel}","templated":true}]}}