{"id":3690,"date":"2025-12-10T16:28:34","date_gmt":"2025-12-10T15:28:34","guid":{"rendered":"https:\/\/agora.xtec.cat\/ietorrelles\/?p=3690"},"modified":"2025-12-10T16:28:57","modified_gmt":"2025-12-10T15:28:57","slug":"la-radio-es-nostra","status":"publish","type":"post","link":"https:\/\/agora.xtec.cat\/ietorrelles\/eso-2\/la-radio-es-nostra\/","title":{"rendered":"La r\u00e0dio \u00e9s nostra!"},"content":{"rendered":"<p><a href=\"https:\/\/agora.xtec.cat\/ietorrelles\/wp-content\/uploads\/usu2293\/2025\/12\/Periodista.png\"><img loading=\"lazy\" decoding=\"async\" class=\"size-medium wp-image-3691 alignleft\" src=\"https:\/\/agora.xtec.cat\/ietorrelles\/wp-content\/uploads\/usu2293\/2025\/12\/Periodista-240x300.png\" alt=\"\" width=\"240\" height=\"300\" srcset=\"https:\/\/agora.xtec.cat\/ietorrelles\/wp-content\/uploads\/usu2293\/2025\/12\/Periodista-240x300.png 240w, https:\/\/agora.xtec.cat\/ietorrelles\/wp-content\/uploads\/usu2293\/2025\/12\/Periodista-819x1024.png 819w, https:\/\/agora.xtec.cat\/ietorrelles\/wp-content\/uploads\/usu2293\/2025\/12\/Periodista-768x960.png 768w, https:\/\/agora.xtec.cat\/ietorrelles\/wp-content\/uploads\/usu2293\/2025\/12\/Periodista.png 1080w\" sizes=\"auto, (max-width: 240px) 100vw, 240px\" \/><\/a>El nostre alumnat de 3r d&#8217;ESO s&#8217;ha convertit en l&#8217;equip de redacci\u00f3 i locuci\u00f3 del nostre nou taller de r\u00e0dio, dins de l&#8217;assignatura de Llengua Catalana!<\/p>\n<p>Hem deixat els llibres per entrar a l&#8217;estudi:<br \/>\nHem apr\u00e8s a fer not\u00edcies informatives amb escaleta.<br \/>\nHem treballat la dicci\u00f3 i la comunicaci\u00f3 oral davant del micr\u00f2fon.<br \/>\nHem ent\u00e8s la difer\u00e8ncia entre sumari, enviat especial i corresponsal.<\/p>\n<p>L&#8217;objectiu? Dominar el llenguatge i informar amb rigor. Hem gaudit de la producci\u00f3 de not\u00edcies, aplicant tot el que hem apr\u00e8s a l&#8217;aula practicant en directe!<\/p>\n<p>&nbsp;<\/p>\n<p>&nbsp;<\/p>\n<p>&nbsp;<\/p>\n","protected":false},"excerpt":{"rendered":"<p><a href=\"https:\/\/agora.xtec.cat\/ietorrelles\/wp-content\/uploads\/usu2293\/2025\/12\/Periodista.png\"><\/a>El nostre alumnat de 3r d&#8217;ESO s&#8217;ha convertit en l&#8217;equip de redacci\u00f3 i locuci\u00f3 del nostre nou taller de r\u00e0dio, dins de l&#8217;assignatura de Llengua Catalana!<br \/>\nHem deixat els llibres per entrar a l&#8217;estudi:<br \/>\nHem apr\u00e8s a fer not\u00edcies informatives amb escaleta.<br \/>\nHem treballat la dicci\u00f3 i&hellip;  <a href=\"https:\/\/agora.xtec.cat\/ietorrelles\/eso-2\/la-radio-es-nostra\/\" title=\"Read La r\u00e0dio \u00e9s nostra!\">Llegeix m\u00e9s\u00bb<\/a><\/p>\n","protected":false},"author":74,"featured_media":3691,"comment_status":"open","ping_status":"open","sticky":false,"template":"","format":"standard","meta":{"_bbp_topic_count":0,"_bbp_reply_count":0,"_bbp_total_topic_count":0,"_bbp_total_reply_count":0,"_bbp_voice_count":0,"_bbp_anonymous_reply_count":0,"_bbp_topic_count_hidden":0,"_bbp_reply_count_hidden":0,"_bbp_forum_subforum_count":0,"footnotes":""},"categories":[65,1],"tags":[],"class_list":["post-3690","post","type-post","status-publish","format-standard","has-post-thumbnail","hentry","category-3r-deso","category-eso-2"],"post_mailing_queue_ids":[],"_links":{"self":[{"href":"https:\/\/agora.xtec.cat\/ietorrelles\/wp-json\/wp\/v2\/posts\/3690","targetHints":{"allow":["GET"]}}],"collection":[{"href":"https:\/\/agora.xtec.cat\/ietorrelles\/wp-json\/wp\/v2\/posts"}],"about":[{"href":"https:\/\/agora.xtec.cat\/ietorrelles\/wp-json\/wp\/v2\/types\/post"}],"author":[{"embeddable":true,"href":"https:\/\/agora.xtec.cat\/ietorrelles\/wp-json\/wp\/v2\/users\/74"}],"replies":[{"embeddable":true,"href":"https:\/\/agora.xtec.cat\/ietorrelles\/wp-json\/wp\/v2\/comments?post=3690"}],"version-history":[{"count":2,"href":"https:\/\/agora.xtec.cat\/ietorrelles\/wp-json\/wp\/v2\/posts\/3690\/revisions"}],"predecessor-version":[{"id":3693,"href":"https:\/\/agora.xtec.cat\/ietorrelles\/wp-json\/wp\/v2\/posts\/3690\/revisions\/3693"}],"wp:featuredmedia":[{"embeddable":true,"href":"https:\/\/agora.xtec.cat\/ietorrelles\/wp-json\/wp\/v2\/media\/3691"}],"wp:attachment":[{"href":"https:\/\/agora.xtec.cat\/ietorrelles\/wp-json\/wp\/v2\/media?parent=3690"}],"wp:term":[{"taxonomy":"category","embeddable":true,"href":"https:\/\/agora.xtec.cat\/ietorrelles\/wp-json\/wp\/v2\/categories?post=3690"},{"taxonomy":"post_tag","embeddable":true,"href":"https:\/\/agora.xtec.cat\/ietorrelles\/wp-json\/wp\/v2\/tags?post=3690"}],"curies":[{"name":"wp","href":"https:\/\/api.w.org\/{rel}","templated":true}]}}