{"id":3685,"date":"2025-12-02T17:13:21","date_gmt":"2025-12-02T16:13:21","guid":{"rendered":"https:\/\/agora.xtec.cat\/ietorrelles\/?p=3685"},"modified":"2025-12-02T17:14:15","modified_gmt":"2025-12-02T16:14:15","slug":"taller-de-consum-responsable-a-lescola","status":"publish","type":"post","link":"https:\/\/agora.xtec.cat\/ietorrelles\/eso-2\/primaria\/taller-de-consum-responsable-a-lescola\/","title":{"rendered":"Taller de Consum Responsable a l\u2019Escola"},"content":{"rendered":"<p>Avui, l&#8217;alumnat de 3r de prim\u00e0ria, ha tingut l\u2019oportunitat de participar en un taller de consum responsable que ens ha ajudat a reflexionar sobre les nostres decisions del dia a dia.<\/p>\n<p>Hem comen\u00e7at escoltant una situaci\u00f3 real en qu\u00e8 ens podr\u00edem trobar i pensant qu\u00e8 far\u00edem en aquell cas.<\/p>\n<p>A partir d\u2019aqu\u00ed, ens hem organitzat en grups i a cadascun se li ha assignat una situaci\u00f3 diferent. Despr\u00e9s d\u2019analitzar-la i buscar una possible soluci\u00f3, hem representat l\u2019escena davant dels nostres companys i companyes. Aquestes petites representacions ens han ajudat a veure quines alternatives tenim i com podem actuar de manera m\u00e9s conscient i sostenible.<\/p>\n<p>Ha estat un taller molt din\u00e0mic i participatiu, en qu\u00e8 hem apr\u00e8s tot gaudint. Una experi\u00e8ncia que ens anima a continuar fent un consum responsable i a tenir cura del nostre entorn!<\/p>\n<p>&nbsp;<\/p>\n<p><span style=\"color: #2795b6;\"><a href=\"https:\/\/agora.xtec.cat\/ietorrelles\/wp-content\/uploads\/usu2293\/2025\/12\/WhatsApp-Image-2025-12-02-at-09.40.41.jpeg\"><img loading=\"lazy\" decoding=\"async\" class=\"wp-image-3687 alignright\" src=\"https:\/\/agora.xtec.cat\/ietorrelles\/wp-content\/uploads\/usu2293\/2025\/12\/WhatsApp-Image-2025-12-02-at-09.40.41-300x225.jpeg\" alt=\"\" width=\"480\" height=\"360\" srcset=\"https:\/\/agora.xtec.cat\/ietorrelles\/wp-content\/uploads\/usu2293\/2025\/12\/WhatsApp-Image-2025-12-02-at-09.40.41-300x225.jpeg 300w, https:\/\/agora.xtec.cat\/ietorrelles\/wp-content\/uploads\/usu2293\/2025\/12\/WhatsApp-Image-2025-12-02-at-09.40.41-1024x768.jpeg 1024w, https:\/\/agora.xtec.cat\/ietorrelles\/wp-content\/uploads\/usu2293\/2025\/12\/WhatsApp-Image-2025-12-02-at-09.40.41-768x576.jpeg 768w, https:\/\/agora.xtec.cat\/ietorrelles\/wp-content\/uploads\/usu2293\/2025\/12\/WhatsApp-Image-2025-12-02-at-09.40.41-1536x1152.jpeg 1536w, https:\/\/agora.xtec.cat\/ietorrelles\/wp-content\/uploads\/usu2293\/2025\/12\/WhatsApp-Image-2025-12-02-at-09.40.41-200x150.jpeg 200w, https:\/\/agora.xtec.cat\/ietorrelles\/wp-content\/uploads\/usu2293\/2025\/12\/WhatsApp-Image-2025-12-02-at-09.40.41.jpeg 2048w\" sizes=\"auto, (max-width: 480px) 100vw, 480px\" \/><\/a><\/span><span style=\"color: #2795b6;\"><img loading=\"lazy\" decoding=\"async\" class=\" wp-image-3686 alignleft\" src=\"https:\/\/agora.xtec.cat\/ietorrelles\/wp-content\/uploads\/usu2293\/2025\/12\/WhatsApp-Image-2025-12-02-at-09.41.25-273x300.jpeg\" alt=\"\" width=\"329\" height=\"362\" srcset=\"https:\/\/agora.xtec.cat\/ietorrelles\/wp-content\/uploads\/usu2293\/2025\/12\/WhatsApp-Image-2025-12-02-at-09.41.25-273x300.jpeg 273w, https:\/\/agora.xtec.cat\/ietorrelles\/wp-content\/uploads\/usu2293\/2025\/12\/WhatsApp-Image-2025-12-02-at-09.41.25-932x1024.jpeg 932w, https:\/\/agora.xtec.cat\/ietorrelles\/wp-content\/uploads\/usu2293\/2025\/12\/WhatsApp-Image-2025-12-02-at-09.41.25-768x844.jpeg 768w, https:\/\/agora.xtec.cat\/ietorrelles\/wp-content\/uploads\/usu2293\/2025\/12\/WhatsApp-Image-2025-12-02-at-09.41.25-1398x1536.jpeg 1398w, https:\/\/agora.xtec.cat\/ietorrelles\/wp-content\/uploads\/usu2293\/2025\/12\/WhatsApp-Image-2025-12-02-at-09.41.25.jpeg 1864w\" sizes=\"auto, (max-width: 329px) 100vw, 329px\" \/><\/span><\/p>\n<p>&nbsp;<\/p>\n<p>&nbsp;<\/p>\n<p>&nbsp;<\/p>\n<p>&nbsp;<\/p>\n<p>&nbsp;<\/p>\n<p>&nbsp;<\/p>\n<p>&nbsp;<\/p>\n<p>&nbsp;<\/p>\n<p>&nbsp;<\/p>\n<p>&nbsp;<\/p>\n","protected":false},"excerpt":{"rendered":"<p>Avui, l&#8217;alumnat de 3r de prim\u00e0ria, ha tingut l\u2019oportunitat de participar en un taller de consum responsable que ens ha ajudat a reflexionar sobre les nostres decisions del dia a dia.<br \/>\nHem comen\u00e7at escoltant una situaci\u00f3 real en qu\u00e8 ens podr\u00edem trobar i pensant qu\u00e8 far\u00edem&hellip;  <a href=\"https:\/\/agora.xtec.cat\/ietorrelles\/eso-2\/primaria\/taller-de-consum-responsable-a-lescola\/\" title=\"Read Taller de Consum Responsable a l\u2019Escola\">Llegeix m\u00e9s\u00bb<\/a><\/p>\n","protected":false},"author":74,"featured_media":3686,"comment_status":"open","ping_status":"open","sticky":false,"template":"","format":"standard","meta":{"_bbp_topic_count":0,"_bbp_reply_count":0,"_bbp_total_topic_count":0,"_bbp_total_reply_count":0,"_bbp_voice_count":0,"_bbp_anonymous_reply_count":0,"_bbp_topic_count_hidden":0,"_bbp_reply_count_hidden":0,"_bbp_forum_subforum_count":0,"footnotes":""},"categories":[12,5],"tags":[],"class_list":["post-3685","post","type-post","status-publish","format-standard","has-post-thumbnail","hentry","category-3r","category-primaria"],"post_mailing_queue_ids":[],"_links":{"self":[{"href":"https:\/\/agora.xtec.cat\/ietorrelles\/wp-json\/wp\/v2\/posts\/3685","targetHints":{"allow":["GET"]}}],"collection":[{"href":"https:\/\/agora.xtec.cat\/ietorrelles\/wp-json\/wp\/v2\/posts"}],"about":[{"href":"https:\/\/agora.xtec.cat\/ietorrelles\/wp-json\/wp\/v2\/types\/post"}],"author":[{"embeddable":true,"href":"https:\/\/agora.xtec.cat\/ietorrelles\/wp-json\/wp\/v2\/users\/74"}],"replies":[{"embeddable":true,"href":"https:\/\/agora.xtec.cat\/ietorrelles\/wp-json\/wp\/v2\/comments?post=3685"}],"version-history":[{"count":2,"href":"https:\/\/agora.xtec.cat\/ietorrelles\/wp-json\/wp\/v2\/posts\/3685\/revisions"}],"predecessor-version":[{"id":3689,"href":"https:\/\/agora.xtec.cat\/ietorrelles\/wp-json\/wp\/v2\/posts\/3685\/revisions\/3689"}],"wp:featuredmedia":[{"embeddable":true,"href":"https:\/\/agora.xtec.cat\/ietorrelles\/wp-json\/wp\/v2\/media\/3686"}],"wp:attachment":[{"href":"https:\/\/agora.xtec.cat\/ietorrelles\/wp-json\/wp\/v2\/media?parent=3685"}],"wp:term":[{"taxonomy":"category","embeddable":true,"href":"https:\/\/agora.xtec.cat\/ietorrelles\/wp-json\/wp\/v2\/categories?post=3685"},{"taxonomy":"post_tag","embeddable":true,"href":"https:\/\/agora.xtec.cat\/ietorrelles\/wp-json\/wp\/v2\/tags?post=3685"}],"curies":[{"name":"wp","href":"https:\/\/api.w.org\/{rel}","templated":true}]}}