{"id":3589,"date":"2025-10-20T08:37:32","date_gmt":"2025-10-20T06:37:32","guid":{"rendered":"https:\/\/agora.xtec.cat\/ietorrelles\/?p=3589"},"modified":"2025-10-20T11:49:41","modified_gmt":"2025-10-20T09:49:41","slug":"delegats-i-delegades-de-pares-i-mares-curs-2025-2026","status":"publish","type":"post","link":"https:\/\/agora.xtec.cat\/ietorrelles\/eso-2\/delegats-i-delegades-de-pares-i-mares-curs-2025-2026\/","title":{"rendered":"Delegats i Delegades de Pares i Mares \u2013 Curs 2025-2026"},"content":{"rendered":"<h3 data-start=\"103\" data-end=\"168\"><strong data-start=\"110\" data-end=\"168\">Delegats i Delegades de Pares i Mares \u2013 Curs 2025-2026<\/strong><\/h3>\n<p data-start=\"170\" data-end=\"291\">Ens complau informar-vos que ja s\u2019han escollit els <strong data-start=\"221\" data-end=\"262\">delegats i delegades de pares i mares<\/strong> per al curs <strong data-start=\"275\" data-end=\"288\">2025-2026<\/strong>.<\/p>\n<p data-start=\"293\" data-end=\"504\">Aquests representants col\u00b7laboraran amb el centre per mantenir una comunicaci\u00f3 fluida entre les fam\u00edlies i l\u2019escola, transmetent inquietuds, propostes i suggeriments en benefici de tota la comunitat educativa.<\/p>\n<p data-start=\"506\" data-end=\"642\">\ud83e\uddfe Us compartim a continuaci\u00f3 el llistat dels delegats i delegades d\u2019aquest curs.<br data-start=\"591\" data-end=\"594\" \/><a href=\"https:\/\/agora.xtec.cat\/ietorrelles\/wp-content\/uploads\/usu2293\/2025\/10\/Captura-de-pantalla-2025-10-20-114839.png\"><img loading=\"lazy\" decoding=\"async\" class=\"size-full wp-image-3595 aligncenter\" src=\"https:\/\/agora.xtec.cat\/ietorrelles\/wp-content\/uploads\/usu2293\/2025\/10\/Captura-de-pantalla-2025-10-20-114839.png\" alt=\"\" width=\"220\" height=\"572\" srcset=\"https:\/\/agora.xtec.cat\/ietorrelles\/wp-content\/uploads\/usu2293\/2025\/10\/Captura-de-pantalla-2025-10-20-114839.png 220w, https:\/\/agora.xtec.cat\/ietorrelles\/wp-content\/uploads\/usu2293\/2025\/10\/Captura-de-pantalla-2025-10-20-114839-115x300.png 115w\" sizes=\"auto, (max-width: 220px) 100vw, 220px\" \/><\/a><\/p>\n<p data-start=\"644\" data-end=\"716\">Agra\u00efm la seva implicaci\u00f3 i participaci\u00f3 activa en la vida del centre.<\/p>\n","protected":false},"excerpt":{"rendered":"<p>Delegats i Delegades de Pares i Mares \u2013 Curs 2025-2026<br \/>\nEns complau informar-vos que ja s\u2019han escollit els delegats i delegades de pares i mares per al curs 2025-2026.<br \/>\nAquests representants col\u00b7laboraran amb el centre per mantenir una comunicaci\u00f3 fluida entre les fam\u00edlies i l\u2019escola, transmetent inquietuds,&hellip;  <a href=\"https:\/\/agora.xtec.cat\/ietorrelles\/eso-2\/delegats-i-delegades-de-pares-i-mares-curs-2025-2026\/\" title=\"Read Delegats i Delegades de Pares i Mares \u2013 Curs 2025-2026\">Llegeix m\u00e9s\u00bb<\/a><\/p>\n","protected":false},"author":74,"featured_media":3595,"comment_status":"open","ping_status":"open","sticky":false,"template":"","format":"standard","meta":{"_bbp_topic_count":0,"_bbp_reply_count":0,"_bbp_total_topic_count":0,"_bbp_total_reply_count":0,"_bbp_voice_count":0,"_bbp_anonymous_reply_count":0,"_bbp_topic_count_hidden":0,"_bbp_reply_count_hidden":0,"_bbp_forum_subforum_count":0,"footnotes":""},"categories":[1,2,5],"tags":[],"class_list":["post-3589","post","type-post","status-publish","format-standard","has-post-thumbnail","hentry","category-eso-2","category-infantil","category-primaria"],"post_mailing_queue_ids":[],"_links":{"self":[{"href":"https:\/\/agora.xtec.cat\/ietorrelles\/wp-json\/wp\/v2\/posts\/3589","targetHints":{"allow":["GET"]}}],"collection":[{"href":"https:\/\/agora.xtec.cat\/ietorrelles\/wp-json\/wp\/v2\/posts"}],"about":[{"href":"https:\/\/agora.xtec.cat\/ietorrelles\/wp-json\/wp\/v2\/types\/post"}],"author":[{"embeddable":true,"href":"https:\/\/agora.xtec.cat\/ietorrelles\/wp-json\/wp\/v2\/users\/74"}],"replies":[{"embeddable":true,"href":"https:\/\/agora.xtec.cat\/ietorrelles\/wp-json\/wp\/v2\/comments?post=3589"}],"version-history":[{"count":4,"href":"https:\/\/agora.xtec.cat\/ietorrelles\/wp-json\/wp\/v2\/posts\/3589\/revisions"}],"predecessor-version":[{"id":3596,"href":"https:\/\/agora.xtec.cat\/ietorrelles\/wp-json\/wp\/v2\/posts\/3589\/revisions\/3596"}],"wp:featuredmedia":[{"embeddable":true,"href":"https:\/\/agora.xtec.cat\/ietorrelles\/wp-json\/wp\/v2\/media\/3595"}],"wp:attachment":[{"href":"https:\/\/agora.xtec.cat\/ietorrelles\/wp-json\/wp\/v2\/media?parent=3589"}],"wp:term":[{"taxonomy":"category","embeddable":true,"href":"https:\/\/agora.xtec.cat\/ietorrelles\/wp-json\/wp\/v2\/categories?post=3589"},{"taxonomy":"post_tag","embeddable":true,"href":"https:\/\/agora.xtec.cat\/ietorrelles\/wp-json\/wp\/v2\/tags?post=3589"}],"curies":[{"name":"wp","href":"https:\/\/api.w.org\/{rel}","templated":true}]}}