{"id":3422,"date":"2025-06-19T13:22:16","date_gmt":"2025-06-19T11:22:16","guid":{"rendered":"https:\/\/agora.xtec.cat\/ietorrelles\/?p=3422"},"modified":"2025-06-19T13:23:07","modified_gmt":"2025-06-19T11:23:07","slug":"4t-deso-viatja-a-italia-per-celebrar-el-seu-final-de-curs","status":"publish","type":"post","link":"https:\/\/agora.xtec.cat\/ietorrelles\/eso-2\/4t-deso-viatja-a-italia-per-celebrar-el-seu-final-de-curs\/","title":{"rendered":"4t d&#8217;ESO viatja a It\u00e0lia per celebrar el seu final de curs"},"content":{"rendered":"<p data-start=\"33\" data-end=\"237\">Aquest mes de juny, l\u2019alumnat de 4t d\u2019ESO ha gaudit del seu viatge de final d\u2019etapa. Han estat uns dies de conviv\u00e8ncia, activitats i bon ambient que han servit per tancar el curs d\u2019una manera diferent i especial. Els alumnes han anat a It\u00e0lia i han pogut visitar ciutats com Ven\u00e8cia, Pisa, Mil\u00e0 i Flor\u00e8ncia.<\/p>\n<p data-start=\"239\" data-end=\"431\" data-is-last-node=\"\" data-is-only-node=\"\">Durant el viatge, s\u2019han viscut moments divertits, s\u2019han enfortit vincles i s\u2019ha pogut desconnectar de la rutina escolar. Una experi\u00e8ncia que, sens dubte, recordar\u00e0 tot el grup amb un somriure i que ha servit per tancar l&#8217;etapa educativa aqu\u00ed a l&#8217;IE Torrelles.<\/p>\n<p data-start=\"239\" data-end=\"431\" data-is-last-node=\"\" data-is-only-node=\"\">Molta sort!<\/p>\n","protected":false},"excerpt":{"rendered":"<p>Aquest mes de juny, l\u2019alumnat de 4t d\u2019ESO ha gaudit del seu viatge de final d\u2019etapa. Han estat uns dies de conviv\u00e8ncia, activitats i bon ambient que han servit per tancar el curs d\u2019una manera diferent i especial. Els alumnes han anat a It\u00e0lia i&hellip;  <a href=\"https:\/\/agora.xtec.cat\/ietorrelles\/eso-2\/4t-deso-viatja-a-italia-per-celebrar-el-seu-final-de-curs\/\" title=\"Read 4t d&#8217;ESO viatja a It\u00e0lia per celebrar el seu final de curs\">Llegeix m\u00e9s\u00bb<\/a><\/p>\n","protected":false},"author":69,"featured_media":3423,"comment_status":"open","ping_status":"open","sticky":false,"template":"","format":"standard","meta":{"_bbp_topic_count":0,"_bbp_reply_count":0,"_bbp_total_topic_count":0,"_bbp_total_reply_count":0,"_bbp_voice_count":0,"_bbp_anonymous_reply_count":0,"_bbp_topic_count_hidden":0,"_bbp_reply_count_hidden":0,"_bbp_forum_subforum_count":0,"footnotes":""},"categories":[66,1],"tags":[175,177,167,176,172,173,174,171],"class_list":["post-3422","post","type-post","status-publish","format-standard","has-post-thumbnail","hentry","category-4t-deso","category-eso-2","tag-4t","tag-curs","tag-eso","tag-final","tag-italia","tag-roma","tag-venecia","tag-viatge"],"post_mailing_queue_ids":[],"_links":{"self":[{"href":"https:\/\/agora.xtec.cat\/ietorrelles\/wp-json\/wp\/v2\/posts\/3422","targetHints":{"allow":["GET"]}}],"collection":[{"href":"https:\/\/agora.xtec.cat\/ietorrelles\/wp-json\/wp\/v2\/posts"}],"about":[{"href":"https:\/\/agora.xtec.cat\/ietorrelles\/wp-json\/wp\/v2\/types\/post"}],"author":[{"embeddable":true,"href":"https:\/\/agora.xtec.cat\/ietorrelles\/wp-json\/wp\/v2\/users\/69"}],"replies":[{"embeddable":true,"href":"https:\/\/agora.xtec.cat\/ietorrelles\/wp-json\/wp\/v2\/comments?post=3422"}],"version-history":[{"count":1,"href":"https:\/\/agora.xtec.cat\/ietorrelles\/wp-json\/wp\/v2\/posts\/3422\/revisions"}],"predecessor-version":[{"id":3424,"href":"https:\/\/agora.xtec.cat\/ietorrelles\/wp-json\/wp\/v2\/posts\/3422\/revisions\/3424"}],"wp:featuredmedia":[{"embeddable":true,"href":"https:\/\/agora.xtec.cat\/ietorrelles\/wp-json\/wp\/v2\/media\/3423"}],"wp:attachment":[{"href":"https:\/\/agora.xtec.cat\/ietorrelles\/wp-json\/wp\/v2\/media?parent=3422"}],"wp:term":[{"taxonomy":"category","embeddable":true,"href":"https:\/\/agora.xtec.cat\/ietorrelles\/wp-json\/wp\/v2\/categories?post=3422"},{"taxonomy":"post_tag","embeddable":true,"href":"https:\/\/agora.xtec.cat\/ietorrelles\/wp-json\/wp\/v2\/tags?post=3422"}],"curies":[{"name":"wp","href":"https:\/\/api.w.org\/{rel}","templated":true}]}}