{"id":3367,"date":"2025-04-11T20:27:49","date_gmt":"2025-04-11T18:27:49","guid":{"rendered":"https:\/\/agora.xtec.cat\/ietorrelles\/?p=3367"},"modified":"2025-04-11T20:27:49","modified_gmt":"2025-04-11T18:27:49","slug":"exposicio-analitzem-els-greixos-educacio-fisica-comunitat-mitjans","status":"publish","type":"post","link":"https:\/\/agora.xtec.cat\/ietorrelles\/eso-2\/primaria\/exposicio-analitzem-els-greixos-educacio-fisica-comunitat-mitjans\/","title":{"rendered":"Exposici\u00f3: analitzem els greixos (educaci\u00f3 f\u00edsica &#8211; comunitat mitjans)"},"content":{"rendered":"<p>Aquest trimestre a l&#8217;\u00e0rea d&#8217;educaci\u00f3 f\u00edsica hem continuat estudiant els aliments i els nutrients que necessita el nostre cos.<\/p>\n<p>L&#8217;alumnat de 1r, 2n i 3r de prim\u00e0ria han dut a terme una exposici\u00f3 educativa sobre els greixos, centrant-se en la seva classificaci\u00f3: insaturats, saturats i trans. Han apr\u00e8s quins aliments contenen els macronutrients de greixos saludables i quins aliments o productes no contenen greixos bons. Amb aquesta feina, l&#8217;alumnat t\u00e9 l&#8217;oportunitat d&#8217;aprendre una mica m\u00e9s sobre un tema tant important com \u00e9s l&#8217;alimentaci\u00f3 saludable.<\/p>\n<p>&nbsp;<\/p>\n<p><a href=\"https:\/\/agora.xtec.cat\/ietorrelles\/wp-content\/uploads\/usu2293\/2025\/04\/expo-greixos-2025-scaled.jpg\"><img loading=\"lazy\" decoding=\"async\" class=\"alignnone size-large wp-image-3368\" src=\"https:\/\/agora.xtec.cat\/ietorrelles\/wp-content\/uploads\/usu2293\/2025\/04\/expo-greixos-2025-576x1024.jpg\" alt=\"\" width=\"576\" height=\"1024\" srcset=\"https:\/\/agora.xtec.cat\/ietorrelles\/wp-content\/uploads\/usu2293\/2025\/04\/expo-greixos-2025-576x1024.jpg 576w, https:\/\/agora.xtec.cat\/ietorrelles\/wp-content\/uploads\/usu2293\/2025\/04\/expo-greixos-2025-169x300.jpg 169w, https:\/\/agora.xtec.cat\/ietorrelles\/wp-content\/uploads\/usu2293\/2025\/04\/expo-greixos-2025-768x1365.jpg 768w, https:\/\/agora.xtec.cat\/ietorrelles\/wp-content\/uploads\/usu2293\/2025\/04\/expo-greixos-2025-864x1536.jpg 864w, https:\/\/agora.xtec.cat\/ietorrelles\/wp-content\/uploads\/usu2293\/2025\/04\/expo-greixos-2025-1152x2048.jpg 1152w, https:\/\/agora.xtec.cat\/ietorrelles\/wp-content\/uploads\/usu2293\/2025\/04\/expo-greixos-2025-scaled.jpg 1440w\" sizes=\"auto, (max-width: 576px) 100vw, 576px\" \/><\/a><\/p>\n<p>&nbsp;<\/p>\n","protected":false},"excerpt":{"rendered":"<p>Aquest trimestre a l&#8217;\u00e0rea d&#8217;educaci\u00f3 f\u00edsica hem continuat estudiant els aliments i els nutrients que necessita el nostre cos.<br \/>\nL&#8217;alumnat de 1r, 2n i 3r de prim\u00e0ria han dut a terme una exposici\u00f3 educativa sobre els greixos, centrant-se en la seva classificaci\u00f3: insaturats, saturats i trans.&hellip;  <a href=\"https:\/\/agora.xtec.cat\/ietorrelles\/eso-2\/primaria\/exposicio-analitzem-els-greixos-educacio-fisica-comunitat-mitjans\/\" title=\"Read Exposici\u00f3: analitzem els greixos (educaci\u00f3 f\u00edsica &#8211; comunitat mitjans)\">Llegeix m\u00e9s\u00bb<\/a><\/p>\n","protected":false},"author":67,"featured_media":3368,"comment_status":"open","ping_status":"closed","sticky":false,"template":"","format":"standard","meta":{"_bbp_topic_count":0,"_bbp_reply_count":0,"_bbp_total_topic_count":0,"_bbp_total_reply_count":0,"_bbp_voice_count":0,"_bbp_anonymous_reply_count":0,"_bbp_topic_count_hidden":0,"_bbp_reply_count_hidden":0,"_bbp_forum_subforum_count":0,"footnotes":""},"categories":[10,11,12,5],"tags":[],"class_list":["post-3367","post","type-post","status-publish","format-standard","has-post-thumbnail","hentry","category-1r","category-2n","category-3r","category-primaria"],"post_mailing_queue_ids":[],"_links":{"self":[{"href":"https:\/\/agora.xtec.cat\/ietorrelles\/wp-json\/wp\/v2\/posts\/3367","targetHints":{"allow":["GET"]}}],"collection":[{"href":"https:\/\/agora.xtec.cat\/ietorrelles\/wp-json\/wp\/v2\/posts"}],"about":[{"href":"https:\/\/agora.xtec.cat\/ietorrelles\/wp-json\/wp\/v2\/types\/post"}],"author":[{"embeddable":true,"href":"https:\/\/agora.xtec.cat\/ietorrelles\/wp-json\/wp\/v2\/users\/67"}],"replies":[{"embeddable":true,"href":"https:\/\/agora.xtec.cat\/ietorrelles\/wp-json\/wp\/v2\/comments?post=3367"}],"version-history":[{"count":1,"href":"https:\/\/agora.xtec.cat\/ietorrelles\/wp-json\/wp\/v2\/posts\/3367\/revisions"}],"predecessor-version":[{"id":3369,"href":"https:\/\/agora.xtec.cat\/ietorrelles\/wp-json\/wp\/v2\/posts\/3367\/revisions\/3369"}],"wp:featuredmedia":[{"embeddable":true,"href":"https:\/\/agora.xtec.cat\/ietorrelles\/wp-json\/wp\/v2\/media\/3368"}],"wp:attachment":[{"href":"https:\/\/agora.xtec.cat\/ietorrelles\/wp-json\/wp\/v2\/media?parent=3367"}],"wp:term":[{"taxonomy":"category","embeddable":true,"href":"https:\/\/agora.xtec.cat\/ietorrelles\/wp-json\/wp\/v2\/categories?post=3367"},{"taxonomy":"post_tag","embeddable":true,"href":"https:\/\/agora.xtec.cat\/ietorrelles\/wp-json\/wp\/v2\/tags?post=3367"}],"curies":[{"name":"wp","href":"https:\/\/api.w.org\/{rel}","templated":true}]}}