{"id":3322,"date":"2025-03-10T13:44:01","date_gmt":"2025-03-10T12:44:01","guid":{"rendered":"https:\/\/agora.xtec.cat\/ietorrelles\/?p=3322"},"modified":"2025-03-10T13:47:29","modified_gmt":"2025-03-10T12:47:29","slug":"racons-bojos-a-la-comunitat-de-petits","status":"publish","type":"post","link":"https:\/\/agora.xtec.cat\/ietorrelles\/eso-2\/infantil\/racons-bojos-a-la-comunitat-de-petits\/","title":{"rendered":"Racons bojos a la comunitat de petits"},"content":{"rendered":"<p><span class=\"OYPEnA font-feature-liga-off font-feature-clig-off font-feature-calt-off text-decoration-none text-strikethrough-none\">El Carnaval s\u00f3n dies plens de m\u00e0gia, color i diversi\u00f3&#8230; On la imaginaci\u00f3 i la creativitat no tenen l\u00edmits. Des de la Comunitat de Petits, hem gaudit dels <strong>Racons Bojos:\u00a0<\/strong>propostes de maquillatge, disfresses, complements i ball.\u00a0<\/span><\/p>\n<p><a href=\"https:\/\/agora.xtec.cat\/ietorrelles\/wp-content\/uploads\/usu2293\/2025\/03\/Blog-1.jpg\"><br \/>\n<img loading=\"lazy\" decoding=\"async\" class=\"wp-image-3329 aligncenter\" src=\"https:\/\/agora.xtec.cat\/ietorrelles\/wp-content\/uploads\/usu2293\/2025\/03\/Blog-1.jpg\" alt=\"\" width=\"636\" height=\"325\" srcset=\"https:\/\/agora.xtec.cat\/ietorrelles\/wp-content\/uploads\/usu2293\/2025\/03\/Blog-1.jpg 1833w, https:\/\/agora.xtec.cat\/ietorrelles\/wp-content\/uploads\/usu2293\/2025\/03\/Blog-1-300x153.jpg 300w, https:\/\/agora.xtec.cat\/ietorrelles\/wp-content\/uploads\/usu2293\/2025\/03\/Blog-1-1024x523.jpg 1024w, https:\/\/agora.xtec.cat\/ietorrelles\/wp-content\/uploads\/usu2293\/2025\/03\/Blog-1-768x393.jpg 768w, https:\/\/agora.xtec.cat\/ietorrelles\/wp-content\/uploads\/usu2293\/2025\/03\/Blog-1-1536x785.jpg 1536w\" sizes=\"auto, (max-width: 636px) 100vw, 636px\" \/>Comunitat de petits<\/a><\/p>\n","protected":false},"excerpt":{"rendered":"<p>El Carnaval s\u00f3n dies plens de m\u00e0gia, color i diversi\u00f3&#8230; On la imaginaci\u00f3 i la creativitat no tenen l\u00edmits. Des de la Comunitat de Petits, hem gaudit dels Racons Bojos:\u00a0propostes de maquillatge, disfresses, complements i ball.\u00a0<br \/>\n<a href=\"https:\/\/agora.xtec.cat\/ietorrelles\/wp-content\/uploads\/usu2293\/2025\/03\/Blog-1.jpg\"><br \/>\nComunitat de petits<\/a><\/p>\n","protected":false},"author":66,"featured_media":3329,"comment_status":"open","ping_status":"closed","sticky":false,"template":"","format":"standard","meta":{"_bbp_topic_count":0,"_bbp_reply_count":0,"_bbp_total_topic_count":0,"_bbp_total_reply_count":0,"_bbp_voice_count":0,"_bbp_anonymous_reply_count":0,"_bbp_topic_count_hidden":0,"_bbp_reply_count_hidden":0,"_bbp_forum_subforum_count":0,"footnotes":""},"categories":[3,8,9,2],"tags":[],"class_list":["post-3322","post","type-post","status-publish","format-standard","has-post-thumbnail","hentry","category-i3","category-i4","category-i5","category-infantil"],"post_mailing_queue_ids":[],"_links":{"self":[{"href":"https:\/\/agora.xtec.cat\/ietorrelles\/wp-json\/wp\/v2\/posts\/3322","targetHints":{"allow":["GET"]}}],"collection":[{"href":"https:\/\/agora.xtec.cat\/ietorrelles\/wp-json\/wp\/v2\/posts"}],"about":[{"href":"https:\/\/agora.xtec.cat\/ietorrelles\/wp-json\/wp\/v2\/types\/post"}],"author":[{"embeddable":true,"href":"https:\/\/agora.xtec.cat\/ietorrelles\/wp-json\/wp\/v2\/users\/66"}],"replies":[{"embeddable":true,"href":"https:\/\/agora.xtec.cat\/ietorrelles\/wp-json\/wp\/v2\/comments?post=3322"}],"version-history":[{"count":7,"href":"https:\/\/agora.xtec.cat\/ietorrelles\/wp-json\/wp\/v2\/posts\/3322\/revisions"}],"predecessor-version":[{"id":3334,"href":"https:\/\/agora.xtec.cat\/ietorrelles\/wp-json\/wp\/v2\/posts\/3322\/revisions\/3334"}],"wp:featuredmedia":[{"embeddable":true,"href":"https:\/\/agora.xtec.cat\/ietorrelles\/wp-json\/wp\/v2\/media\/3329"}],"wp:attachment":[{"href":"https:\/\/agora.xtec.cat\/ietorrelles\/wp-json\/wp\/v2\/media?parent=3322"}],"wp:term":[{"taxonomy":"category","embeddable":true,"href":"https:\/\/agora.xtec.cat\/ietorrelles\/wp-json\/wp\/v2\/categories?post=3322"},{"taxonomy":"post_tag","embeddable":true,"href":"https:\/\/agora.xtec.cat\/ietorrelles\/wp-json\/wp\/v2\/tags?post=3322"}],"curies":[{"name":"wp","href":"https:\/\/api.w.org\/{rel}","templated":true}]}}