{"id":3263,"date":"2025-02-18T21:35:40","date_gmt":"2025-02-18T20:35:40","guid":{"rendered":"https:\/\/agora.xtec.cat\/ietorrelles\/?p=3263"},"modified":"2025-02-18T21:35:40","modified_gmt":"2025-02-18T20:35:40","slug":"3r-ja-hem-anat-de-colonies","status":"publish","type":"post","link":"https:\/\/agora.xtec.cat\/ietorrelles\/eso-2\/primaria\/3r\/3r-ja-hem-anat-de-colonies\/","title":{"rendered":"3r ja hem anat de col\u00f2nies!"},"content":{"rendered":"<p>Els infants de 3r ja hem anat de col\u00f2nies!!! Per primera vegada hem anat a un camp d\u2019aprenentatge i ha sigut una experi\u00e8ncia genial. Hem fet un treball sobre la Prehist\u00f2ria, ja que a la classe estem fent aquest projecte.<\/p>\n<p style=\"text-align: left;\">Hem pogut viure en primera persona qu\u00e8 feien, com vivien, qu\u00e8 ca\u00e7aven\u2026els prehist\u00f2rics.<\/p>\n<figure class=\"figure wp-caption alignnone\"><a href=\"https:\/\/agora.xtec.cat\/ietorrelles\/wp-content\/uploads\/usu2293\/2025\/02\/IMG_4851.jpeg\"><img loading=\"lazy\" decoding=\"async\" class=\"size-full wp-image-3264\" src=\"https:\/\/agora.xtec.cat\/ietorrelles\/wp-content\/uploads\/usu2293\/2025\/02\/IMG_4851.jpeg\" alt=\"\" width=\"750\" height=\"981\" srcset=\"https:\/\/agora.xtec.cat\/ietorrelles\/wp-content\/uploads\/usu2293\/2025\/02\/IMG_4851.jpeg 750w, https:\/\/agora.xtec.cat\/ietorrelles\/wp-content\/uploads\/usu2293\/2025\/02\/IMG_4851-229x300.jpeg 229w\" sizes=\"auto, (max-width: 750px) 100vw, 750px\" \/><\/a><figcaption class=\"wp-caption-text\">Screenshot<\/figcaption><\/figure>\n<figure class=\"figure wp-caption alignnone\"><a href=\"https:\/\/agora.xtec.cat\/ietorrelles\/wp-content\/uploads\/usu2293\/2025\/02\/IMG_4850.jpeg\"><img loading=\"lazy\" decoding=\"async\" class=\"size-large wp-image-3265\" src=\"https:\/\/agora.xtec.cat\/ietorrelles\/wp-content\/uploads\/usu2293\/2025\/02\/IMG_4850.jpeg\" alt=\"\" width=\"750\" height=\"556\" srcset=\"https:\/\/agora.xtec.cat\/ietorrelles\/wp-content\/uploads\/usu2293\/2025\/02\/IMG_4850.jpeg 750w, https:\/\/agora.xtec.cat\/ietorrelles\/wp-content\/uploads\/usu2293\/2025\/02\/IMG_4850-300x222.jpeg 300w\" sizes=\"auto, (max-width: 750px) 100vw, 750px\" \/><\/a><figcaption class=\"wp-caption-text\">Screenshot<\/figcaption><\/figure>\n<figure class=\"figure wp-caption alignnone\"><a href=\"https:\/\/agora.xtec.cat\/ietorrelles\/wp-content\/uploads\/usu2293\/2025\/02\/IMG_4849.jpeg\"><img loading=\"lazy\" decoding=\"async\" class=\"size-large wp-image-3266\" src=\"https:\/\/agora.xtec.cat\/ietorrelles\/wp-content\/uploads\/usu2293\/2025\/02\/IMG_4849.jpeg\" alt=\"\" width=\"750\" height=\"397\" srcset=\"https:\/\/agora.xtec.cat\/ietorrelles\/wp-content\/uploads\/usu2293\/2025\/02\/IMG_4849.jpeg 750w, https:\/\/agora.xtec.cat\/ietorrelles\/wp-content\/uploads\/usu2293\/2025\/02\/IMG_4849-300x159.jpeg 300w\" sizes=\"auto, (max-width: 750px) 100vw, 750px\" \/><\/a><figcaption class=\"wp-caption-text\">Screenshot<\/figcaption><\/figure>\n<figure class=\"figure wp-caption alignnone\"><a href=\"https:\/\/agora.xtec.cat\/ietorrelles\/wp-content\/uploads\/usu2293\/2025\/02\/IMG_4848.jpeg\"><img loading=\"lazy\" decoding=\"async\" class=\"size-large wp-image-3267\" src=\"https:\/\/agora.xtec.cat\/ietorrelles\/wp-content\/uploads\/usu2293\/2025\/02\/IMG_4848.jpeg\" alt=\"\" width=\"750\" height=\"863\" srcset=\"https:\/\/agora.xtec.cat\/ietorrelles\/wp-content\/uploads\/usu2293\/2025\/02\/IMG_4848.jpeg 750w, https:\/\/agora.xtec.cat\/ietorrelles\/wp-content\/uploads\/usu2293\/2025\/02\/IMG_4848-261x300.jpeg 261w\" sizes=\"auto, (max-width: 750px) 100vw, 750px\" \/><\/a><figcaption class=\"wp-caption-text\">Screenshot<\/figcaption><\/figure>\n<p>&nbsp;<\/p>\n","protected":false},"excerpt":{"rendered":"<p>Els infants de 3r ja hem anat de col\u00f2nies!!! Per primera vegada hem anat a un camp d\u2019aprenentatge i ha sigut una experi\u00e8ncia genial. Hem fet un treball sobre la Prehist\u00f2ria, ja que a la classe estem fent aquest projecte.<br \/>\nHem pogut viure en primera persona&hellip;  <a href=\"https:\/\/agora.xtec.cat\/ietorrelles\/eso-2\/primaria\/3r\/3r-ja-hem-anat-de-colonies\/\" title=\"Read 3r ja hem anat de col\u00f2nies!\">Llegeix m\u00e9s\u00bb<\/a><\/p>\n","protected":false},"author":67,"featured_media":3266,"comment_status":"open","ping_status":"closed","sticky":false,"template":"","format":"standard","meta":{"_bbp_topic_count":0,"_bbp_reply_count":0,"_bbp_total_topic_count":0,"_bbp_total_reply_count":0,"_bbp_voice_count":0,"_bbp_anonymous_reply_count":0,"_bbp_topic_count_hidden":0,"_bbp_reply_count_hidden":0,"_bbp_forum_subforum_count":0,"footnotes":""},"categories":[12],"tags":[],"class_list":["post-3263","post","type-post","status-publish","format-standard","has-post-thumbnail","hentry","category-3r"],"post_mailing_queue_ids":[],"_links":{"self":[{"href":"https:\/\/agora.xtec.cat\/ietorrelles\/wp-json\/wp\/v2\/posts\/3263","targetHints":{"allow":["GET"]}}],"collection":[{"href":"https:\/\/agora.xtec.cat\/ietorrelles\/wp-json\/wp\/v2\/posts"}],"about":[{"href":"https:\/\/agora.xtec.cat\/ietorrelles\/wp-json\/wp\/v2\/types\/post"}],"author":[{"embeddable":true,"href":"https:\/\/agora.xtec.cat\/ietorrelles\/wp-json\/wp\/v2\/users\/67"}],"replies":[{"embeddable":true,"href":"https:\/\/agora.xtec.cat\/ietorrelles\/wp-json\/wp\/v2\/comments?post=3263"}],"version-history":[{"count":1,"href":"https:\/\/agora.xtec.cat\/ietorrelles\/wp-json\/wp\/v2\/posts\/3263\/revisions"}],"predecessor-version":[{"id":3268,"href":"https:\/\/agora.xtec.cat\/ietorrelles\/wp-json\/wp\/v2\/posts\/3263\/revisions\/3268"}],"wp:featuredmedia":[{"embeddable":true,"href":"https:\/\/agora.xtec.cat\/ietorrelles\/wp-json\/wp\/v2\/media\/3266"}],"wp:attachment":[{"href":"https:\/\/agora.xtec.cat\/ietorrelles\/wp-json\/wp\/v2\/media?parent=3263"}],"wp:term":[{"taxonomy":"category","embeddable":true,"href":"https:\/\/agora.xtec.cat\/ietorrelles\/wp-json\/wp\/v2\/categories?post=3263"},{"taxonomy":"post_tag","embeddable":true,"href":"https:\/\/agora.xtec.cat\/ietorrelles\/wp-json\/wp\/v2\/tags?post=3263"}],"curies":[{"name":"wp","href":"https:\/\/api.w.org\/{rel}","templated":true}]}}