{"id":3246,"date":"2025-02-11T18:34:01","date_gmt":"2025-02-11T17:34:01","guid":{"rendered":"https:\/\/agora.xtec.cat\/ietorrelles\/?p=3246"},"modified":"2025-02-11T18:34:01","modified_gmt":"2025-02-11T17:34:01","slug":"sortida-al-lab-0-6-de-la-comunitat-de-petits","status":"publish","type":"post","link":"https:\/\/agora.xtec.cat\/ietorrelles\/eso-2\/infantil\/sortida-al-lab-0-6-de-la-comunitat-de-petits\/","title":{"rendered":"Sortida al LAB 0-6 de la comunitat de petits"},"content":{"rendered":"<p style=\"text-align: left;\" data-pm-slice=\"1 1 []\">Els infants d&#8217;I4 i I5 han visitat el LAB 0-6 de Manresa, un espai dedicat a la ci\u00e8ncia on poden gaudir d&#8217;activitats dissenyades per apropar-los al m\u00f3n de la investigaci\u00f3. Aquest espai ofereix una gran varietat de propostes que estimulen la curiositat, el pensament cr\u00edtic i la creativitat dels nens i nenes, i aix\u00f2 els permet fer descobertes mentre experimenten amb diferents materials i conceptes cient\u00edfics.<\/p>\n<p><a href=\"https:\/\/agora.xtec.cat\/ietorrelles\/wp-content\/uploads\/usu2293\/2025\/02\/Diseno-sin-titulo-1.jpg\"><img loading=\"lazy\" decoding=\"async\" class=\"size-full wp-image-3253\" src=\"https:\/\/agora.xtec.cat\/ietorrelles\/wp-content\/uploads\/usu2293\/2025\/02\/Diseno-sin-titulo-1.jpg\" alt=\"\" width=\"2000\" height=\"965\" srcset=\"https:\/\/agora.xtec.cat\/ietorrelles\/wp-content\/uploads\/usu2293\/2025\/02\/Diseno-sin-titulo-1.jpg 2000w, https:\/\/agora.xtec.cat\/ietorrelles\/wp-content\/uploads\/usu2293\/2025\/02\/Diseno-sin-titulo-1-300x145.jpg 300w, https:\/\/agora.xtec.cat\/ietorrelles\/wp-content\/uploads\/usu2293\/2025\/02\/Diseno-sin-titulo-1-1024x494.jpg 1024w, https:\/\/agora.xtec.cat\/ietorrelles\/wp-content\/uploads\/usu2293\/2025\/02\/Diseno-sin-titulo-1-768x371.jpg 768w, https:\/\/agora.xtec.cat\/ietorrelles\/wp-content\/uploads\/usu2293\/2025\/02\/Diseno-sin-titulo-1-1536x741.jpg 1536w\" sizes=\"auto, (max-width: 2000px) 100vw, 2000px\" \/><\/a><\/p>\n<p data-pm-slice=\"1 1 []\">\n<p data-pm-slice=\"1 1 []\">Comunitat petits<\/p>\n<p data-pm-slice=\"1 1 []\">\n<p data-pm-slice=\"1 1 []\">\n<p style=\"text-align: left;\" data-pm-slice=\"1 1 []\">\n<p style=\"text-align: left;\">\n","protected":false},"excerpt":{"rendered":"<p>Els infants d&#8217;I4 i I5 han visitat el LAB 0-6 de Manresa, un espai dedicat a la ci\u00e8ncia on poden gaudir d&#8217;activitats dissenyades per apropar-los al m\u00f3n de la investigaci\u00f3. Aquest espai ofereix una gran varietat de propostes que estimulen la curiositat, el pensament cr\u00edtic&hellip;  <a href=\"https:\/\/agora.xtec.cat\/ietorrelles\/eso-2\/infantil\/sortida-al-lab-0-6-de-la-comunitat-de-petits\/\" title=\"Read Sortida al LAB 0-6 de la comunitat de petits\">Llegeix m\u00e9s\u00bb<\/a><\/p>\n","protected":false},"author":66,"featured_media":3248,"comment_status":"open","ping_status":"closed","sticky":false,"template":"","format":"standard","meta":{"_bbp_topic_count":0,"_bbp_reply_count":0,"_bbp_total_topic_count":0,"_bbp_total_reply_count":0,"_bbp_voice_count":0,"_bbp_anonymous_reply_count":0,"_bbp_topic_count_hidden":0,"_bbp_reply_count_hidden":0,"_bbp_forum_subforum_count":0,"footnotes":""},"categories":[8,9,2],"tags":[161],"class_list":["post-3246","post","type-post","status-publish","format-standard","has-post-thumbnail","hentry","category-i4","category-i5","category-infantil","tag-comunitat-de-petits"],"post_mailing_queue_ids":[],"_links":{"self":[{"href":"https:\/\/agora.xtec.cat\/ietorrelles\/wp-json\/wp\/v2\/posts\/3246","targetHints":{"allow":["GET"]}}],"collection":[{"href":"https:\/\/agora.xtec.cat\/ietorrelles\/wp-json\/wp\/v2\/posts"}],"about":[{"href":"https:\/\/agora.xtec.cat\/ietorrelles\/wp-json\/wp\/v2\/types\/post"}],"author":[{"embeddable":true,"href":"https:\/\/agora.xtec.cat\/ietorrelles\/wp-json\/wp\/v2\/users\/66"}],"replies":[{"embeddable":true,"href":"https:\/\/agora.xtec.cat\/ietorrelles\/wp-json\/wp\/v2\/comments?post=3246"}],"version-history":[{"count":5,"href":"https:\/\/agora.xtec.cat\/ietorrelles\/wp-json\/wp\/v2\/posts\/3246\/revisions"}],"predecessor-version":[{"id":3255,"href":"https:\/\/agora.xtec.cat\/ietorrelles\/wp-json\/wp\/v2\/posts\/3246\/revisions\/3255"}],"wp:featuredmedia":[{"embeddable":true,"href":"https:\/\/agora.xtec.cat\/ietorrelles\/wp-json\/wp\/v2\/media\/3248"}],"wp:attachment":[{"href":"https:\/\/agora.xtec.cat\/ietorrelles\/wp-json\/wp\/v2\/media?parent=3246"}],"wp:term":[{"taxonomy":"category","embeddable":true,"href":"https:\/\/agora.xtec.cat\/ietorrelles\/wp-json\/wp\/v2\/categories?post=3246"},{"taxonomy":"post_tag","embeddable":true,"href":"https:\/\/agora.xtec.cat\/ietorrelles\/wp-json\/wp\/v2\/tags?post=3246"}],"curies":[{"name":"wp","href":"https:\/\/api.w.org\/{rel}","templated":true}]}}