{"id":3214,"date":"2025-02-05T10:46:31","date_gmt":"2025-02-05T09:46:31","guid":{"rendered":"https:\/\/agora.xtec.cat\/ietorrelles\/?p=3214"},"modified":"2025-02-18T21:29:36","modified_gmt":"2025-02-18T20:29:36","slug":"a-la-comunitat-de-mitjans-celebrem-la-festa-de-sant-pau","status":"publish","type":"post","link":"https:\/\/agora.xtec.cat\/ietorrelles\/eso-2\/primaria\/a-la-comunitat-de-mitjans-celebrem-la-festa-de-sant-pau\/","title":{"rendered":"A la comunitat de mitjans celebrem la festa de Sant Pau"},"content":{"rendered":"<p><span style=\"font-weight: 400;\"><a href=\"https:\/\/agora.xtec.cat\/ietorrelles\/wp-content\/uploads\/usu2293\/2025\/02\/IMG_4785.png\"><img loading=\"lazy\" decoding=\"async\" class=\"alignnone size-large wp-image-3259\" src=\"https:\/\/agora.xtec.cat\/ietorrelles\/wp-content\/uploads\/usu2293\/2025\/02\/IMG_4785-576x1024.png\" alt=\"\" width=\"576\" height=\"1024\" srcset=\"https:\/\/agora.xtec.cat\/ietorrelles\/wp-content\/uploads\/usu2293\/2025\/02\/IMG_4785-576x1024.png 576w, https:\/\/agora.xtec.cat\/ietorrelles\/wp-content\/uploads\/usu2293\/2025\/02\/IMG_4785-169x300.png 169w, https:\/\/agora.xtec.cat\/ietorrelles\/wp-content\/uploads\/usu2293\/2025\/02\/IMG_4785.png 750w\" sizes=\"auto, (max-width: 576px) 100vw, 576px\" \/><\/a> <a href=\"https:\/\/agora.xtec.cat\/ietorrelles\/wp-content\/uploads\/usu2293\/2025\/02\/IMG_4782.png\"><img loading=\"lazy\" decoding=\"async\" class=\"alignnone size-large wp-image-3260\" src=\"https:\/\/agora.xtec.cat\/ietorrelles\/wp-content\/uploads\/usu2293\/2025\/02\/IMG_4782-576x1024.png\" alt=\"\" width=\"576\" height=\"1024\" srcset=\"https:\/\/agora.xtec.cat\/ietorrelles\/wp-content\/uploads\/usu2293\/2025\/02\/IMG_4782-576x1024.png 576w, https:\/\/agora.xtec.cat\/ietorrelles\/wp-content\/uploads\/usu2293\/2025\/02\/IMG_4782-169x300.png 169w, https:\/\/agora.xtec.cat\/ietorrelles\/wp-content\/uploads\/usu2293\/2025\/02\/IMG_4782.png 750w\" sizes=\"auto, (max-width: 576px) 100vw, 576px\" \/><\/a>Durant la setmana de la Festa de Major de Sant Pau a l\u2019escola vam fer la nostra \u201cpetita festa major\u201d. Des de cada nivell es van treballar diferents aspectes:<\/span><\/p>\n<ul>\n<li style=\"font-weight: 400;\" aria-level=\"1\"><span style=\"font-weight: 400;\">1r: r\u00e8plica del cartell \/ els timbalers dels diables \/ construcci\u00f3 de timbals<\/span><\/li>\n<li style=\"font-weight: 400;\" aria-level=\"1\"><span style=\"font-weight: 400;\">2n: van aprendre a ballar la Tal\u00b7lara xica \/ van tenir xerrades d\u2019alcaldes i ex-alcaldes<\/span><\/li>\n<li style=\"font-weight: 400;\" aria-level=\"1\"><span style=\"font-weight: 400;\">3r: van treballar els estelladors i en van poder fer un petit tast<\/span><\/li>\n<\/ul>\n<p>&nbsp;<\/p>\n<p><span style=\"font-weight: 400;\">Volem agrair l\u2019esfor\u00e7 per part de totes les entitats col\u00b7laboradores per ajudar-nos a ensenyar all\u00f2 que es fa a la Festa Major i animar-nos a participar a les activitats del poble. MOLTES GR\u00c0CIES!!!<\/span><\/p>\n<p>&nbsp;<\/p>\n<p><span style=\"font-weight: 400;\">El divendres al mat\u00ed vam poder gaudir de diferents tallers relacionats amb la festa i estem molt agra\u00efts i agra\u00efdes a tot l\u2019alumnat de la comunitat de joves i de 6\u00e8 per fer-ho possible i per acompanyar-nos en tot moment i estar pendents dels\/les nostres petits i petites.<\/span><\/p>\n<p>&nbsp;<\/p>\n<p><span style=\"font-weight: 400;\">I finalment divendres a la tarda vam poder gaudir la comunitat de petits, mitjans i grans d\u2019una bonica cloenda de Festa Major. On els infants de 4t ens van emocionar amb l\u2019estrena de la nova b\u00e8stia de foc de l\u2019escola, on vam poder gaudir de la desfilada dels m\u00e9s petits de l\u2019escola amb els seus capgrossos, acompanyants dels super timbalers de 1r. I per acabar, vam poder fer una preestrena, tota la Prim\u00e0ria, de la Tal\u00b7lara xica!!! Un final de festa impressionant!!!<\/span><\/p>\n<p><a href=\"https:\/\/agora.xtec.cat\/ietorrelles\/wp-content\/uploads\/usu2293\/2025\/02\/1738088862194-scaled.jpg\"><img loading=\"lazy\" decoding=\"async\" class=\"alignnone size-large wp-image-3215\" src=\"https:\/\/agora.xtec.cat\/ietorrelles\/wp-content\/uploads\/usu2293\/2025\/02\/1738088862194-771x1024.jpg\" alt=\"\" width=\"771\" height=\"1024\" srcset=\"https:\/\/agora.xtec.cat\/ietorrelles\/wp-content\/uploads\/usu2293\/2025\/02\/1738088862194-771x1024.jpg 771w, https:\/\/agora.xtec.cat\/ietorrelles\/wp-content\/uploads\/usu2293\/2025\/02\/1738088862194-226x300.jpg 226w, https:\/\/agora.xtec.cat\/ietorrelles\/wp-content\/uploads\/usu2293\/2025\/02\/1738088862194-768x1020.jpg 768w, https:\/\/agora.xtec.cat\/ietorrelles\/wp-content\/uploads\/usu2293\/2025\/02\/1738088862194-1157x1536.jpg 1157w, https:\/\/agora.xtec.cat\/ietorrelles\/wp-content\/uploads\/usu2293\/2025\/02\/1738088862194-1542x2048.jpg 1542w, https:\/\/agora.xtec.cat\/ietorrelles\/wp-content\/uploads\/usu2293\/2025\/02\/1738088862194-scaled.jpg 1928w\" sizes=\"auto, (max-width: 771px) 100vw, 771px\" \/><\/a> <a href=\"https:\/\/agora.xtec.cat\/ietorrelles\/wp-content\/uploads\/usu2293\/2025\/02\/IMG_3378.heic\"><img loading=\"lazy\" decoding=\"async\" class=\"alignnone size-large wp-image-3216\" src=\"https:\/\/agora.xtec.cat\/ietorrelles\/wp-content\/uploads\/usu2293\/2025\/02\/IMG_3378.heic\" alt=\"\" width=\"1\" height=\"1\" \/><\/a> <a href=\"https:\/\/agora.xtec.cat\/ietorrelles\/wp-content\/uploads\/usu2293\/2025\/02\/IMG_3436.heic\"><img loading=\"lazy\" decoding=\"async\" class=\"alignnone size-large wp-image-3217\" src=\"https:\/\/agora.xtec.cat\/ietorrelles\/wp-content\/uploads\/usu2293\/2025\/02\/IMG_3436.heic\" alt=\"\" width=\"1\" height=\"1\" \/><\/a> <a href=\"https:\/\/agora.xtec.cat\/ietorrelles\/wp-content\/uploads\/usu2293\/2025\/02\/IMG_3449-scaled.jpg\"><img loading=\"lazy\" decoding=\"async\" class=\"alignnone size-large wp-image-3218\" src=\"https:\/\/agora.xtec.cat\/ietorrelles\/wp-content\/uploads\/usu2293\/2025\/02\/IMG_3449-1024x576.jpg\" alt=\"\" width=\"1024\" height=\"576\" srcset=\"https:\/\/agora.xtec.cat\/ietorrelles\/wp-content\/uploads\/usu2293\/2025\/02\/IMG_3449-1024x576.jpg 1024w, https:\/\/agora.xtec.cat\/ietorrelles\/wp-content\/uploads\/usu2293\/2025\/02\/IMG_3449-300x169.jpg 300w, https:\/\/agora.xtec.cat\/ietorrelles\/wp-content\/uploads\/usu2293\/2025\/02\/IMG_3449-768x432.jpg 768w, https:\/\/agora.xtec.cat\/ietorrelles\/wp-content\/uploads\/usu2293\/2025\/02\/IMG_3449-1536x864.jpg 1536w, https:\/\/agora.xtec.cat\/ietorrelles\/wp-content\/uploads\/usu2293\/2025\/02\/IMG_3449-2048x1152.jpg 2048w\" sizes=\"auto, (max-width: 1024px) 100vw, 1024px\" \/><\/a> <a href=\"https:\/\/agora.xtec.cat\/ietorrelles\/wp-content\/uploads\/usu2293\/2025\/02\/IMG_6140.heic\"><img decoding=\"async\" class=\"alignnone size-full wp-image-3219\" src=\"https:\/\/agora.xtec.cat\/ietorrelles\/wp-content\/uploads\/usu2293\/2025\/02\/IMG_6140.heic\" alt=\"\" \/><\/a><\/p>\n","protected":false},"excerpt":{"rendered":"<p><a href=\"https:\/\/agora.xtec.cat\/ietorrelles\/wp-content\/uploads\/usu2293\/2025\/02\/IMG_4785.png\"><\/a> <a href=\"https:\/\/agora.xtec.cat\/ietorrelles\/wp-content\/uploads\/usu2293\/2025\/02\/IMG_4782.png\"><\/a>Durant la setmana de la Festa de Major de Sant Pau a l\u2019escola vam fer la nostra \u201cpetita festa major\u201d. Des de cada nivell es van treballar diferents aspectes:<\/p>\n<ul>\n<li style=\"font-weight: 400;\" aria-level=\"1\">1r: r\u00e8plica del cartell \/ els timbalers dels diables \/ construcci\u00f3&hellip;  <a href=\"https:\/\/agora.xtec.cat\/ietorrelles\/eso-2\/primaria\/a-la-comunitat-de-mitjans-celebrem-la-festa-de-sant-pau\/\" title=\"Read A la comunitat de mitjans celebrem la festa de Sant Pau\">Llegeix m\u00e9s\u00bb<\/a><br \/>\n","protected":false},"author":67,"featured_media":3218,"comment_status":"open","ping_status":"closed","sticky":false,"template":"","format":"standard","meta":{"_bbp_topic_count":0,"_bbp_reply_count":0,"_bbp_total_topic_count":0,"_bbp_total_reply_count":0,"_bbp_voice_count":0,"_bbp_anonymous_reply_count":0,"_bbp_topic_count_hidden":0,"_bbp_reply_count_hidden":0,"_bbp_forum_subforum_count":0,"footnotes":""},"categories":[10,11,12,5],"tags":[],"class_list":["post-3214","post","type-post","status-publish","format-standard","has-post-thumbnail","hentry","category-1r","category-2n","category-3r","category-primaria"],"post_mailing_queue_ids":[],"_links":{"self":[{"href":"https:\/\/agora.xtec.cat\/ietorrelles\/wp-json\/wp\/v2\/posts\/3214","targetHints":{"allow":["GET"]}}],"collection":[{"href":"https:\/\/agora.xtec.cat\/ietorrelles\/wp-json\/wp\/v2\/posts"}],"about":[{"href":"https:\/\/agora.xtec.cat\/ietorrelles\/wp-json\/wp\/v2\/types\/post"}],"author":[{"embeddable":true,"href":"https:\/\/agora.xtec.cat\/ietorrelles\/wp-json\/wp\/v2\/users\/67"}],"replies":[{"embeddable":true,"href":"https:\/\/agora.xtec.cat\/ietorrelles\/wp-json\/wp\/v2\/comments?post=3214"}],"version-history":[{"count":2,"href":"https:\/\/agora.xtec.cat\/ietorrelles\/wp-json\/wp\/v2\/posts\/3214\/revisions"}],"predecessor-version":[{"id":3261,"href":"https:\/\/agora.xtec.cat\/ietorrelles\/wp-json\/wp\/v2\/posts\/3214\/revisions\/3261"}],"wp:featuredmedia":[{"embeddable":true,"href":"https:\/\/agora.xtec.cat\/ietorrelles\/wp-json\/wp\/v2\/media\/3218"}],"wp:attachment":[{"href":"https:\/\/agora.xtec.cat\/ietorrelles\/wp-json\/wp\/v2\/media?parent=3214"}],"wp:term":[{"taxonomy":"category","embeddable":true,"href":"https:\/\/agora.xtec.cat\/ietorrelles\/wp-json\/wp\/v2\/categories?post=3214"},{"taxonomy":"post_tag","embeddable":true,"href":"https:\/\/agora.xtec.cat\/ietorrelles\/wp-json\/wp\/v2\/tags?post=3214"}],"curies":[{"name":"wp","href":"https:\/\/api.w.org\/{rel}","templated":true}]}}