{"id":3205,"date":"2025-01-31T15:22:49","date_gmt":"2025-01-31T14:22:49","guid":{"rendered":"https:\/\/agora.xtec.cat\/ietorrelles\/?p=3205"},"modified":"2025-02-11T11:50:42","modified_gmt":"2025-02-11T10:50:42","slug":"visitem-lateneu-lalumnat-de-2n","status":"publish","type":"post","link":"https:\/\/agora.xtec.cat\/ietorrelles\/eso-2\/primaria\/visitem-lateneu-lalumnat-de-2n\/","title":{"rendered":"L&#8217;alumnat de 2n de prim\u00e0ria visita l&#8217;Ateneu"},"content":{"rendered":"<p>Benvolgudes,<\/p>\n<p>Aquesta setmana estem investigant les diferents associacions i entitats del poble. L&#8217;ANT, l&#8217;Associaci\u00f3 Naturalista de Torrelles, ens ha convidat a visitar l&#8217;exposici\u00f3 que han fet amb molta dedicaci\u00f3 i ens han fet una xerrada molt enriquidora sobre les plates remeieres i els ocells.<\/p>\n<p>Ha estat molt gratificant i enriquidor compartir el mat\u00ed amb les persones de l&#8217;entitat i el president de l&#8217;Ateneu.<\/p>\n<p><a href=\"https:\/\/agora.xtec.cat\/ietorrelles\/wp-content\/uploads\/usu2293\/2025\/01\/ant-2-rotated.jpg\"><img loading=\"lazy\" decoding=\"async\" class=\"alignnone size-large wp-image-3206\" src=\"https:\/\/agora.xtec.cat\/ietorrelles\/wp-content\/uploads\/usu2293\/2025\/01\/ant-2-768x1024.jpg\" alt=\"\" width=\"768\" height=\"1024\" srcset=\"https:\/\/agora.xtec.cat\/ietorrelles\/wp-content\/uploads\/usu2293\/2025\/01\/ant-2-768x1024.jpg 768w, https:\/\/agora.xtec.cat\/ietorrelles\/wp-content\/uploads\/usu2293\/2025\/01\/ant-2-225x300.jpg 225w, https:\/\/agora.xtec.cat\/ietorrelles\/wp-content\/uploads\/usu2293\/2025\/01\/ant-2-rotated.jpg 1024w\" sizes=\"auto, (max-width: 768px) 100vw, 768px\" \/><\/a> <a href=\"https:\/\/agora.xtec.cat\/ietorrelles\/wp-content\/uploads\/usu2293\/2025\/01\/ant-p.jpg\"><img loading=\"lazy\" decoding=\"async\" class=\"alignnone size-large wp-image-3208\" src=\"https:\/\/agora.xtec.cat\/ietorrelles\/wp-content\/uploads\/usu2293\/2025\/01\/ant-p-768x1024.jpg\" alt=\"\" width=\"768\" height=\"1024\" srcset=\"https:\/\/agora.xtec.cat\/ietorrelles\/wp-content\/uploads\/usu2293\/2025\/01\/ant-p-768x1024.jpg 768w, https:\/\/agora.xtec.cat\/ietorrelles\/wp-content\/uploads\/usu2293\/2025\/01\/ant-p-225x300.jpg 225w, https:\/\/agora.xtec.cat\/ietorrelles\/wp-content\/uploads\/usu2293\/2025\/01\/ant-p.jpg 1024w\" sizes=\"auto, (max-width: 768px) 100vw, 768px\" \/><\/a><\/p>\n","protected":false},"excerpt":{"rendered":"<p>Benvolgudes,<br \/>\nAquesta setmana estem investigant les diferents associacions i entitats del poble. L&#8217;ANT, l&#8217;Associaci\u00f3 Naturalista de Torrelles, ens ha convidat a visitar l&#8217;exposici\u00f3 que han fet amb molta dedicaci\u00f3 i ens han fet una xerrada molt enriquidora sobre les plates remeieres i els ocells.<br \/>\nHa estat molt&hellip;  <a href=\"https:\/\/agora.xtec.cat\/ietorrelles\/eso-2\/primaria\/visitem-lateneu-lalumnat-de-2n\/\" title=\"Read L&#8217;alumnat de 2n de prim\u00e0ria visita l&#8217;Ateneu\">Llegeix m\u00e9s\u00bb<\/a><\/p>\n","protected":false},"author":67,"featured_media":3206,"comment_status":"open","ping_status":"closed","sticky":false,"template":"","format":"standard","meta":{"_bbp_topic_count":0,"_bbp_reply_count":0,"_bbp_total_topic_count":0,"_bbp_total_reply_count":0,"_bbp_voice_count":0,"_bbp_anonymous_reply_count":0,"_bbp_topic_count_hidden":0,"_bbp_reply_count_hidden":0,"_bbp_forum_subforum_count":0,"footnotes":""},"categories":[11,5],"tags":[],"class_list":["post-3205","post","type-post","status-publish","format-standard","has-post-thumbnail","hentry","category-2n","category-primaria"],"post_mailing_queue_ids":[],"_links":{"self":[{"href":"https:\/\/agora.xtec.cat\/ietorrelles\/wp-json\/wp\/v2\/posts\/3205","targetHints":{"allow":["GET"]}}],"collection":[{"href":"https:\/\/agora.xtec.cat\/ietorrelles\/wp-json\/wp\/v2\/posts"}],"about":[{"href":"https:\/\/agora.xtec.cat\/ietorrelles\/wp-json\/wp\/v2\/types\/post"}],"author":[{"embeddable":true,"href":"https:\/\/agora.xtec.cat\/ietorrelles\/wp-json\/wp\/v2\/users\/67"}],"replies":[{"embeddable":true,"href":"https:\/\/agora.xtec.cat\/ietorrelles\/wp-json\/wp\/v2\/comments?post=3205"}],"version-history":[{"count":3,"href":"https:\/\/agora.xtec.cat\/ietorrelles\/wp-json\/wp\/v2\/posts\/3205\/revisions"}],"predecessor-version":[{"id":3211,"href":"https:\/\/agora.xtec.cat\/ietorrelles\/wp-json\/wp\/v2\/posts\/3205\/revisions\/3211"}],"wp:featuredmedia":[{"embeddable":true,"href":"https:\/\/agora.xtec.cat\/ietorrelles\/wp-json\/wp\/v2\/media\/3206"}],"wp:attachment":[{"href":"https:\/\/agora.xtec.cat\/ietorrelles\/wp-json\/wp\/v2\/media?parent=3205"}],"wp:term":[{"taxonomy":"category","embeddable":true,"href":"https:\/\/agora.xtec.cat\/ietorrelles\/wp-json\/wp\/v2\/categories?post=3205"},{"taxonomy":"post_tag","embeddable":true,"href":"https:\/\/agora.xtec.cat\/ietorrelles\/wp-json\/wp\/v2\/tags?post=3205"}],"curies":[{"name":"wp","href":"https:\/\/api.w.org\/{rel}","templated":true}]}}