{"id":3186,"date":"2025-01-30T18:11:50","date_gmt":"2025-01-30T17:11:50","guid":{"rendered":"https:\/\/agora.xtec.cat\/ietorrelles\/?p=3186"},"modified":"2025-01-30T18:35:40","modified_gmt":"2025-01-30T17:35:40","slug":"la-nostra-bestia-de-foc","status":"publish","type":"post","link":"https:\/\/agora.xtec.cat\/ietorrelles\/eso-2\/primaria\/la-nostra-bestia-de-foc\/","title":{"rendered":"La nostra b\u00e8stia de foc"},"content":{"rendered":"<p dir=\"ltr\" style=\"font-family: Arial, Helvetica, sans-serif; font-size: small; line-height: 1.38; text-align: justify; margin-top: 12pt; margin-bottom: 12pt;\"><span style=\"font-size: 11pt; font-family: Arial, sans-serif; color: #000000; background-color: transparent; font-variant-numeric: normal; font-variant-east-asian: normal; font-variant-alternates: normal; vertical-align: baseline;\">Durant aquestes setmanes, amb motiu de la festa major de Sant Pau, els alumnes de 4t de prim\u00e0ria han tingut l&#8217;oportunitat de treballar en un projecte molt especial relacionat amb l&#8217;entitat dels diables. Aix\u00ed, els nens i nenes de la classe han dissenyat i creat la seva pr\u00f2pia b\u00e8stia de foc, un element molt caracter\u00edstic d\u2019aquesta tradici\u00f3 popular que representa la for\u00e7a i l&#8217;energia del foc.<img decoding=\"async\" class=\"an1\" style=\"height: 1.2em; width: 1.2em; vertical-align: middle;\" draggable=\"false\" src=\"https:\/\/fonts.gstatic.com\/s\/e\/notoemoji\/16.0\/1f4a5\/72.png\" alt=\"\ud83d\udca5\" data-emoji=\"\ud83d\udca5\" aria-label=\"\ud83d\udca5\" \/><\/span><\/p>\n<p dir=\"ltr\" style=\"font-family: Arial, Helvetica, sans-serif; font-size: small; line-height: 1.38; text-align: justify; margin-top: 12pt; margin-bottom: 12pt;\"><span style=\"font-size: 11pt; font-family: Arial, sans-serif; color: #000000; background-color: transparent; font-variant-numeric: normal; font-variant-east-asian: normal; font-variant-alternates: normal; vertical-align: baseline;\">Aquest projecte ha estat una gran oportunitat per als alumnes de con\u00e8ixer una part important de la cultura i les festes tradicionals de la nostra localitat.\u00a0<img decoding=\"async\" class=\"an1\" style=\"height: 1.2em; width: 1.2em; vertical-align: middle;\" draggable=\"false\" src=\"https:\/\/fonts.gstatic.com\/s\/e\/notoemoji\/16.0\/1f3a4\/72.png\" alt=\"\ud83c\udfa4\" data-emoji=\"\ud83c\udfa4\" aria-label=\"\ud83c\udfa4\" \/>A m\u00e9s, els nens i les nenes no nom\u00e9s han dissenyat la b\u00e8stia, sin\u00f3 que tamb\u00e9 han treballat en la presentaci\u00f3 d\u2019aquesta en una petita cerim\u00f2nia davant d\u2019algunes comunitats de l\u2019IE Torrelles.<\/span><\/p>\n<p dir=\"ltr\" style=\"font-family: Arial, Helvetica, sans-serif; font-size: small; line-height: 1.38; text-align: justify; margin-top: 12pt; margin-bottom: 12pt;\"><span style=\"font-size: 11pt; font-family: Arial, sans-serif; color: #000000; background-color: transparent; font-variant-numeric: normal; font-variant-east-asian: normal; font-variant-alternates: normal; vertical-align: baseline;\">Aix\u00ed doncs, per afegir un toc especial, els alumnes de 4t van fer un discurs en qu\u00e8 van explicar la import\u00e0ncia de la b\u00e8stia i el seu significat dins de la festa major. Els nens i nenes van mostrar molta il\u00b7lusi\u00f3 i entusiasme en compartir el seu treball amb la resta de companys i mestres. La presentaci\u00f3 va ser un moment molt emotiu i ple de creativitat.<\/span><\/p>\n<p dir=\"ltr\" style=\"font-family: Arial, Helvetica, sans-serif; font-size: small; line-height: 1.38; text-align: justify; margin-top: 12pt; margin-bottom: 12pt;\"><span style=\"font-size: 11pt; font-family: Arial, sans-serif; color: #000000; background-color: transparent; font-variant-numeric: normal; font-variant-east-asian: normal; font-variant-alternates: normal; vertical-align: baseline;\">A m\u00e9s, com a part de la creaci\u00f3 d\u2019aquesta b\u00e8stia de foc, els alumnes de 4t estan organitzant una votaci\u00f3 per escollir el nom definitiu de la b\u00e8stia entre tres opcions proposades pels mateixos alumnes:\u00a0<\/span><span style=\"font-size: 11pt; font-family: Arial, sans-serif; color: #000000; background-color: transparent; font-weight: bold; font-variant-numeric: normal; font-variant-east-asian: normal; font-variant-alternates: normal; vertical-align: baseline;\"><i>Antfire<\/i><\/span><span style=\"font-size: 11pt; font-family: Arial, sans-serif; color: #000000; background-color: transparent; font-variant-numeric: normal; font-variant-east-asian: normal; font-variant-alternates: normal; vertical-align: baseline;\">,\u00a0<\/span><span style=\"font-size: 11pt; font-family: Arial, sans-serif; color: #000000; background-color: transparent; font-weight: bold; font-variant-numeric: normal; font-variant-east-asian: normal; font-variant-alternates: normal; vertical-align: baseline;\"><i>Focmiga<\/i><\/span><span style=\"font-size: 11pt; font-family: Arial, sans-serif; color: #000000; background-color: transparent; font-variant-numeric: normal; font-variant-east-asian: normal; font-variant-alternates: normal; vertical-align: baseline;\">\u00a0i\u00a0<\/span><span style=\"font-size: 11pt; font-family: Arial, sans-serif; color: #000000; background-color: transparent; font-weight: bold; font-variant-numeric: normal; font-variant-east-asian: normal; font-variant-alternates: normal; vertical-align: baseline;\"><i>Focforella<\/i><\/span><span style=\"font-size: 11pt; font-family: Arial, sans-serif; color: #000000; background-color: transparent; font-variant-numeric: normal; font-variant-east-asian: normal; font-variant-alternates: normal; vertical-align: baseline;\">. Tot l&#8217;alumnat de l&#8217;escola podr\u00e0 votar i aix\u00ed decidir quin ser\u00e0 el nom que representar\u00e0 aquesta criatura tan especial.<img decoding=\"async\" class=\"an1\" style=\"height: 1.2em; width: 1.2em; vertical-align: middle;\" draggable=\"false\" src=\"https:\/\/fonts.gstatic.com\/s\/e\/notoemoji\/16.0\/1f5f3_fe0f\/72.png\" alt=\"\ud83d\uddf3\ufe0f\" data-emoji=\"\ud83d\uddf3\ufe0f\" aria-label=\"\ud83d\uddf3\ufe0f\" \/><\/span><\/p>\n<p dir=\"ltr\" style=\"font-family: Arial, Helvetica, sans-serif; font-size: small; line-height: 1.38; text-align: justify; margin-top: 12pt; margin-bottom: 12pt;\"><span style=\"font-size: 11pt; font-family: Arial, sans-serif; color: #000000; background-color: transparent; font-variant-numeric: normal; font-variant-east-asian: normal; font-variant-alternates: normal; vertical-align: baseline;\">Estem molt orgullosos de la feina realitzada pels alumnes de 4t, qui han demostrat gran creativitat, esfor\u00e7 i treball en equip.<\/span><span style=\"font-size: 11pt; font-family: Arial, sans-serif; color: #000000; background-color: transparent; font-variant-numeric: normal; font-variant-east-asian: normal; font-variant-alternates: normal; vertical-align: baseline;\"><br \/>\n<\/span><span style=\"font-size: 11pt; font-family: Arial, sans-serif; color: #000000; background-color: transparent; font-variant-numeric: normal; font-variant-east-asian: normal; font-variant-alternates: normal; vertical-align: baseline;\"><br \/>\n<\/span><span style=\"font-size: 11pt; font-family: Arial, sans-serif; color: #000000; background-color: transparent; font-variant-numeric: normal; font-variant-east-asian: normal; font-variant-alternates: normal; vertical-align: baseline;\">Esperem que aquesta b\u00e8stia de foc sigui un s\u00edmbol de la nostra festa major de Sant Pau i que continu\u00ef representant la vitalitat i la passi\u00f3 de la nostra comunitat.<img decoding=\"async\" class=\"an1\" style=\"height: 1.2em; width: 1.2em; vertical-align: middle;\" draggable=\"false\" src=\"https:\/\/fonts.gstatic.com\/s\/e\/notoemoji\/16.0\/1f41c\/72.png\" alt=\"\ud83d\udc1c\" data-emoji=\"\ud83d\udc1c\" aria-label=\"\ud83d\udc1c\" \/><\/span><\/p>\n<p dir=\"ltr\" style=\"font-family: Arial, Helvetica, sans-serif; font-size: small; line-height: 1.38; margin-top: 0pt; margin-bottom: 0pt;\"><span style=\"font-size: 11pt; font-family: Arial, sans-serif; color: #000000; background-color: transparent; font-variant-numeric: normal; font-variant-east-asian: normal; font-variant-alternates: normal; vertical-align: baseline;\"><img decoding=\"async\" class=\"an1\" style=\"height: 1.2em; width: 1.2em; vertical-align: middle;\" draggable=\"false\" src=\"https:\/\/fonts.gstatic.com\/s\/e\/notoemoji\/16.0\/1f4f7\/72.png\" alt=\"\ud83d\udcf7\" data-emoji=\"\ud83d\udcf7\" aria-label=\"\ud83d\udcf7\" \/>A continuaci\u00f3, us adjuntem el discurs presentat i algunes fotografies.<\/span><\/p>\n<div><span style=\"font-size: 11pt; font-family: Arial, sans-serif; color: #000000; background-color: transparent; font-variant-numeric: normal; font-variant-east-asian: normal; font-variant-alternates: normal; vertical-align: baseline;\"><a href=\"https:\/\/agora.xtec.cat\/ietorrelles\/wp-content\/uploads\/usu2293\/2025\/01\/Discurs-bestia-de-foc.jpg\"><img loading=\"lazy\" decoding=\"async\" class=\"alignnone size-full wp-image-3187\" src=\"https:\/\/agora.xtec.cat\/ietorrelles\/wp-content\/uploads\/usu2293\/2025\/01\/Discurs-bestia-de-foc.jpg\" alt=\"\" width=\"1414\" height=\"2000\" srcset=\"https:\/\/agora.xtec.cat\/ietorrelles\/wp-content\/uploads\/usu2293\/2025\/01\/Discurs-bestia-de-foc.jpg 1414w, https:\/\/agora.xtec.cat\/ietorrelles\/wp-content\/uploads\/usu2293\/2025\/01\/Discurs-bestia-de-foc-212x300.jpg 212w, https:\/\/agora.xtec.cat\/ietorrelles\/wp-content\/uploads\/usu2293\/2025\/01\/Discurs-bestia-de-foc-724x1024.jpg 724w, https:\/\/agora.xtec.cat\/ietorrelles\/wp-content\/uploads\/usu2293\/2025\/01\/Discurs-bestia-de-foc-768x1086.jpg 768w, https:\/\/agora.xtec.cat\/ietorrelles\/wp-content\/uploads\/usu2293\/2025\/01\/Discurs-bestia-de-foc-1086x1536.jpg 1086w\" sizes=\"auto, (max-width: 1414px) 100vw, 1414px\" \/><\/a> <a href=\"https:\/\/agora.xtec.cat\/ietorrelles\/wp-content\/uploads\/usu2293\/2025\/01\/a770456d-c0cf-4797-a724-1e39d58fba56.jpg\"><img loading=\"lazy\" decoding=\"async\" class=\"alignnone wp-image-3188 size-medium\" src=\"https:\/\/agora.xtec.cat\/ietorrelles\/wp-content\/uploads\/usu2293\/2025\/01\/a770456d-c0cf-4797-a724-1e39d58fba56-e1738256385894-300x227.jpg\" alt=\"\" width=\"300\" height=\"227\" srcset=\"https:\/\/agora.xtec.cat\/ietorrelles\/wp-content\/uploads\/usu2293\/2025\/01\/a770456d-c0cf-4797-a724-1e39d58fba56-e1738256385894-300x227.jpg 300w, https:\/\/agora.xtec.cat\/ietorrelles\/wp-content\/uploads\/usu2293\/2025\/01\/a770456d-c0cf-4797-a724-1e39d58fba56-e1738256385894-1024x773.jpg 1024w, https:\/\/agora.xtec.cat\/ietorrelles\/wp-content\/uploads\/usu2293\/2025\/01\/a770456d-c0cf-4797-a724-1e39d58fba56-e1738256385894-768x580.jpg 768w, https:\/\/agora.xtec.cat\/ietorrelles\/wp-content\/uploads\/usu2293\/2025\/01\/a770456d-c0cf-4797-a724-1e39d58fba56-e1738256385894-200x150.jpg 200w, https:\/\/agora.xtec.cat\/ietorrelles\/wp-content\/uploads\/usu2293\/2025\/01\/a770456d-c0cf-4797-a724-1e39d58fba56-e1738256385894.jpg 1200w\" sizes=\"auto, (max-width: 300px) 100vw, 300px\" \/><\/a> <a href=\"https:\/\/agora.xtec.cat\/ietorrelles\/wp-content\/uploads\/usu2293\/2025\/01\/5263418b-f64c-4285-846d-212e5cd54f40.jpg\"><img loading=\"lazy\" decoding=\"async\" class=\"alignnone wp-image-3189 size-medium\" src=\"https:\/\/agora.xtec.cat\/ietorrelles\/wp-content\/uploads\/usu2293\/2025\/01\/5263418b-f64c-4285-846d-212e5cd54f40-225x300.jpg\" alt=\"\" width=\"225\" height=\"300\" srcset=\"https:\/\/agora.xtec.cat\/ietorrelles\/wp-content\/uploads\/usu2293\/2025\/01\/5263418b-f64c-4285-846d-212e5cd54f40-225x300.jpg 225w, https:\/\/agora.xtec.cat\/ietorrelles\/wp-content\/uploads\/usu2293\/2025\/01\/5263418b-f64c-4285-846d-212e5cd54f40-768x1024.jpg 768w, https:\/\/agora.xtec.cat\/ietorrelles\/wp-content\/uploads\/usu2293\/2025\/01\/5263418b-f64c-4285-846d-212e5cd54f40-1152x1536.jpg 1152w, https:\/\/agora.xtec.cat\/ietorrelles\/wp-content\/uploads\/usu2293\/2025\/01\/5263418b-f64c-4285-846d-212e5cd54f40.jpg 1200w\" sizes=\"auto, (max-width: 225px) 100vw, 225px\" \/><\/a><a href=\"https:\/\/agora.xtec.cat\/ietorrelles\/wp-content\/uploads\/usu2293\/2025\/01\/20250116_155836-scaled.jpg\"><img loading=\"lazy\" decoding=\"async\" class=\"alignnone wp-image-3192 size-medium\" src=\"https:\/\/agora.xtec.cat\/ietorrelles\/wp-content\/uploads\/usu2293\/2025\/01\/20250116_155836-scaled-e1738257432530-225x300.jpg\" alt=\"\" width=\"225\" height=\"300\" srcset=\"https:\/\/agora.xtec.cat\/ietorrelles\/wp-content\/uploads\/usu2293\/2025\/01\/20250116_155836-scaled-e1738257432530-225x300.jpg 225w, https:\/\/agora.xtec.cat\/ietorrelles\/wp-content\/uploads\/usu2293\/2025\/01\/20250116_155836-scaled-e1738257432530-768x1024.jpg 768w, https:\/\/agora.xtec.cat\/ietorrelles\/wp-content\/uploads\/usu2293\/2025\/01\/20250116_155836-scaled-e1738257432530-1152x1536.jpg 1152w, https:\/\/agora.xtec.cat\/ietorrelles\/wp-content\/uploads\/usu2293\/2025\/01\/20250116_155836-scaled-e1738257432530-1536x2048.jpg 1536w, https:\/\/agora.xtec.cat\/ietorrelles\/wp-content\/uploads\/usu2293\/2025\/01\/20250116_155836-scaled-e1738257432530.jpg 1920w\" sizes=\"auto, (max-width: 225px) 100vw, 225px\" \/><\/a> <a href=\"https:\/\/agora.xtec.cat\/ietorrelles\/wp-content\/uploads\/usu2293\/2025\/01\/b0e62320-6383-459d-8ed2-cd6a2fddf7ff.jpg\"><img loading=\"lazy\" decoding=\"async\" class=\"alignnone wp-image-3190 size-medium\" src=\"https:\/\/agora.xtec.cat\/ietorrelles\/wp-content\/uploads\/usu2293\/2025\/01\/b0e62320-6383-459d-8ed2-cd6a2fddf7ff-225x300.jpg\" alt=\"\" width=\"225\" height=\"300\" srcset=\"https:\/\/agora.xtec.cat\/ietorrelles\/wp-content\/uploads\/usu2293\/2025\/01\/b0e62320-6383-459d-8ed2-cd6a2fddf7ff-225x300.jpg 225w, https:\/\/agora.xtec.cat\/ietorrelles\/wp-content\/uploads\/usu2293\/2025\/01\/b0e62320-6383-459d-8ed2-cd6a2fddf7ff-768x1024.jpg 768w, https:\/\/agora.xtec.cat\/ietorrelles\/wp-content\/uploads\/usu2293\/2025\/01\/b0e62320-6383-459d-8ed2-cd6a2fddf7ff-1152x1536.jpg 1152w, https:\/\/agora.xtec.cat\/ietorrelles\/wp-content\/uploads\/usu2293\/2025\/01\/b0e62320-6383-459d-8ed2-cd6a2fddf7ff.jpg 1200w\" sizes=\"auto, (max-width: 225px) 100vw, 225px\" \/><\/a><\/span><\/div>\n","protected":false},"excerpt":{"rendered":"<p>Durant aquestes setmanes, amb motiu de la festa major de Sant Pau, els alumnes de 4t de prim\u00e0ria han tingut l&#8217;oportunitat de treballar en un projecte molt especial relacionat amb l&#8217;entitat dels diables. Aix\u00ed, els nens i nenes de la classe han dissenyat i creat&hellip;  <a href=\"https:\/\/agora.xtec.cat\/ietorrelles\/eso-2\/primaria\/la-nostra-bestia-de-foc\/\" title=\"Read La nostra b\u00e8stia de foc\">Llegeix m\u00e9s\u00bb<\/a><\/p>\n","protected":false},"author":68,"featured_media":3195,"comment_status":"open","ping_status":"closed","sticky":false,"template":"","format":"standard","meta":{"_bbp_topic_count":0,"_bbp_reply_count":0,"_bbp_total_topic_count":0,"_bbp_total_reply_count":0,"_bbp_voice_count":0,"_bbp_anonymous_reply_count":0,"_bbp_topic_count_hidden":0,"_bbp_reply_count_hidden":0,"_bbp_forum_subforum_count":0,"footnotes":""},"categories":[13,5],"tags":[],"class_list":["post-3186","post","type-post","status-publish","format-standard","has-post-thumbnail","hentry","category-4t","category-primaria"],"post_mailing_queue_ids":[],"_links":{"self":[{"href":"https:\/\/agora.xtec.cat\/ietorrelles\/wp-json\/wp\/v2\/posts\/3186","targetHints":{"allow":["GET"]}}],"collection":[{"href":"https:\/\/agora.xtec.cat\/ietorrelles\/wp-json\/wp\/v2\/posts"}],"about":[{"href":"https:\/\/agora.xtec.cat\/ietorrelles\/wp-json\/wp\/v2\/types\/post"}],"author":[{"embeddable":true,"href":"https:\/\/agora.xtec.cat\/ietorrelles\/wp-json\/wp\/v2\/users\/68"}],"replies":[{"embeddable":true,"href":"https:\/\/agora.xtec.cat\/ietorrelles\/wp-json\/wp\/v2\/comments?post=3186"}],"version-history":[{"count":3,"href":"https:\/\/agora.xtec.cat\/ietorrelles\/wp-json\/wp\/v2\/posts\/3186\/revisions"}],"predecessor-version":[{"id":3194,"href":"https:\/\/agora.xtec.cat\/ietorrelles\/wp-json\/wp\/v2\/posts\/3186\/revisions\/3194"}],"wp:featuredmedia":[{"embeddable":true,"href":"https:\/\/agora.xtec.cat\/ietorrelles\/wp-json\/wp\/v2\/media\/3195"}],"wp:attachment":[{"href":"https:\/\/agora.xtec.cat\/ietorrelles\/wp-json\/wp\/v2\/media?parent=3186"}],"wp:term":[{"taxonomy":"category","embeddable":true,"href":"https:\/\/agora.xtec.cat\/ietorrelles\/wp-json\/wp\/v2\/categories?post=3186"},{"taxonomy":"post_tag","embeddable":true,"href":"https:\/\/agora.xtec.cat\/ietorrelles\/wp-json\/wp\/v2\/tags?post=3186"}],"curies":[{"name":"wp","href":"https:\/\/api.w.org\/{rel}","templated":true}]}}