{"id":3181,"date":"2025-01-30T11:50:36","date_gmt":"2025-01-30T10:50:36","guid":{"rendered":"https:\/\/agora.xtec.cat\/ietorrelles\/?p=3181"},"modified":"2025-01-30T11:50:36","modified_gmt":"2025-01-30T10:50:36","slug":"sant-pau-a-lescola","status":"publish","type":"post","link":"https:\/\/agora.xtec.cat\/ietorrelles\/eso-2\/primaria\/sant-pau-a-lescola\/","title":{"rendered":"Sant Pau a l&#8217;escola"},"content":{"rendered":"<p>Aquest curs, l\u2019alumnat de 4t, 5\u00e8 i 6\u00e8 ha viscut d\u2019una manera ben especial la cultura i les tradicions de Torrelles amb el <strong>projecte de Sant Pau<\/strong>. Han apr\u00e8s, han ballat, han creat i, sobretot, <strong>s\u2019ho han passat d\u2019all\u00f2 m\u00e9s b\u00e9!<\/strong><\/p>\n<p>\ud83d\udc79 <strong>4t: Els Diables i una nova b\u00e8stia de foc!<\/strong><br \/>\nEls de 4t s\u2019han endinsat en el m\u00f3n dels <strong>Diables<\/strong>, descobrint la seva hist\u00f2ria i la seva energia festiva. Per\u00f2 aix\u00f2 no \u00e9s tot\u2026 tamb\u00e9 han creat una <strong>nova b\u00e8stia de foc<\/strong>! \ud83d\udd25 Es tracta d\u2019una <strong>formiga gegant<\/strong> que encara no t\u00e9 nom. Aviat tocar\u00e0 decidir com la batejarem!<\/p>\n<p>\ud83d\udc83 <strong>5\u00e8: L\u2019Esbart i el ball de la Tal\u00b7lara<\/strong><br \/>\nA 5\u00e8 han treballat la dansa tradicional i s\u2019han posat a la pell dels dansaires de l\u2019<strong>Esbart<\/strong>, aprenent el <strong>ball de la Tal\u00b7lara<\/strong>. Ha estat una experi\u00e8ncia genial per con\u00e8ixer millor la cultura popular i, a m\u00e9s, <strong>han mogut l\u2019esquelet!<\/strong> \ud83c\udfb6<\/p>\n<p>\ud83e\ude93 <strong>6\u00e8: Els Estelladors en acci\u00f3<\/strong><br \/>\nEls de 6\u00e8 han descobert <strong>els Estelladors<\/strong>, una figura important de la festa. Han fet tallers per entendre millor la seva hist\u00f2ria i la seva relaci\u00f3 amb Sant Pau. Tot plegat, una manera divertida de viure la tradici\u00f3 de m\u00e9s a prop!<\/p>\n<p>Aquest projecte ha estat tota una experi\u00e8ncia per connectar amb la cultura de Torrelles d\u2019una manera activa i emocionant. I ara\u2026 <strong>com li diem a la nova b\u00e8stia de foc?<\/strong><\/p>\n","protected":false},"excerpt":{"rendered":"<p>Aquest curs, l\u2019alumnat de 4t, 5\u00e8 i 6\u00e8 ha viscut d\u2019una manera ben especial la cultura i les tradicions de Torrelles amb el projecte de Sant Pau. Han apr\u00e8s, han ballat, han creat i, sobretot, s\u2019ho han passat d\u2019all\u00f2 m\u00e9s b\u00e9!<br \/>\n\ud83d\udc79 4t: Els Diables i&hellip;  <a href=\"https:\/\/agora.xtec.cat\/ietorrelles\/eso-2\/primaria\/sant-pau-a-lescola\/\" title=\"Read Sant Pau a l&#8217;escola\">Llegeix m\u00e9s\u00bb<\/a><\/p>\n","protected":false},"author":68,"featured_media":3182,"comment_status":"open","ping_status":"closed","sticky":false,"template":"","format":"standard","meta":{"_bbp_topic_count":0,"_bbp_reply_count":0,"_bbp_total_topic_count":0,"_bbp_total_reply_count":0,"_bbp_voice_count":0,"_bbp_anonymous_reply_count":0,"_bbp_topic_count_hidden":0,"_bbp_reply_count_hidden":0,"_bbp_forum_subforum_count":0,"footnotes":""},"categories":[13,14,15,5],"tags":[],"class_list":["post-3181","post","type-post","status-publish","format-standard","has-post-thumbnail","hentry","category-4t","category-5e","category-6e","category-primaria"],"post_mailing_queue_ids":[],"_links":{"self":[{"href":"https:\/\/agora.xtec.cat\/ietorrelles\/wp-json\/wp\/v2\/posts\/3181","targetHints":{"allow":["GET"]}}],"collection":[{"href":"https:\/\/agora.xtec.cat\/ietorrelles\/wp-json\/wp\/v2\/posts"}],"about":[{"href":"https:\/\/agora.xtec.cat\/ietorrelles\/wp-json\/wp\/v2\/types\/post"}],"author":[{"embeddable":true,"href":"https:\/\/agora.xtec.cat\/ietorrelles\/wp-json\/wp\/v2\/users\/68"}],"replies":[{"embeddable":true,"href":"https:\/\/agora.xtec.cat\/ietorrelles\/wp-json\/wp\/v2\/comments?post=3181"}],"version-history":[{"count":1,"href":"https:\/\/agora.xtec.cat\/ietorrelles\/wp-json\/wp\/v2\/posts\/3181\/revisions"}],"predecessor-version":[{"id":3183,"href":"https:\/\/agora.xtec.cat\/ietorrelles\/wp-json\/wp\/v2\/posts\/3181\/revisions\/3183"}],"wp:featuredmedia":[{"embeddable":true,"href":"https:\/\/agora.xtec.cat\/ietorrelles\/wp-json\/wp\/v2\/media\/3182"}],"wp:attachment":[{"href":"https:\/\/agora.xtec.cat\/ietorrelles\/wp-json\/wp\/v2\/media?parent=3181"}],"wp:term":[{"taxonomy":"category","embeddable":true,"href":"https:\/\/agora.xtec.cat\/ietorrelles\/wp-json\/wp\/v2\/categories?post=3181"},{"taxonomy":"post_tag","embeddable":true,"href":"https:\/\/agora.xtec.cat\/ietorrelles\/wp-json\/wp\/v2\/tags?post=3181"}],"curies":[{"name":"wp","href":"https:\/\/api.w.org\/{rel}","templated":true}]}}