{"id":3174,"date":"2024-10-07T17:00:58","date_gmt":"2024-10-07T15:00:58","guid":{"rendered":"https:\/\/agora.xtec.cat\/ietorrelles\/?p=3174"},"modified":"2025-01-29T16:11:27","modified_gmt":"2025-01-29T15:11:27","slug":"visita-ferran-puig","status":"publish","type":"post","link":"https:\/\/agora.xtec.cat\/ietorrelles\/eso-2\/primaria\/visita-ferran-puig\/","title":{"rendered":"Visita Ferran Puig"},"content":{"rendered":"<p>Hola fam\u00edlies,<\/p>\n<p>El passat 4 d&#8217;octubre, l&#8217;alumnat de 6\u00e8 vam rebre la visita d&#8217;en Ferran Puig, historiador i exalcalde de Torrelles de Llobregat.<\/p>\n<p>Com a expert en les masies de Torrelles, l&#8217;alumnat va poder preguntar-li aquells dubtes que tenien sobre la seva masia escollida i aix\u00ed poder completar la seva hist\u00f2ria.<\/p>\n<p>Va ser una sessi\u00f3 molt interessant i en la que van aprendre molt\u00edssim. Moltes gr\u00e0cies!<\/p>\n<p>Les fotos les trobareu dins del drive a la carpeta de projecte de masies \ud83d\ude42<\/p>\n<p>Tutores de 6\u00e8.<\/p>\n","protected":false},"excerpt":{"rendered":"<p>Hola fam\u00edlies,<br \/>\nEl passat 4 d&#8217;octubre, l&#8217;alumnat de 6\u00e8 vam rebre la visita d&#8217;en Ferran Puig, historiador i exalcalde de Torrelles de Llobregat.<br \/>\nCom a expert en les masies de Torrelles, l&#8217;alumnat va poder preguntar-li aquells dubtes que tenien sobre la seva masia escollida i aix\u00ed poder&hellip;  <a href=\"https:\/\/agora.xtec.cat\/ietorrelles\/eso-2\/primaria\/visita-ferran-puig\/\" title=\"Read Visita Ferran Puig\">Llegeix m\u00e9s\u00bb<\/a><\/p>\n","protected":false},"author":68,"featured_media":3175,"comment_status":"open","ping_status":"closed","sticky":false,"template":"","format":"standard","meta":{"_bbp_topic_count":0,"_bbp_reply_count":0,"_bbp_total_topic_count":0,"_bbp_total_reply_count":0,"_bbp_voice_count":0,"_bbp_anonymous_reply_count":0,"_bbp_topic_count_hidden":0,"_bbp_reply_count_hidden":0,"_bbp_forum_subforum_count":0,"footnotes":""},"categories":[15,5],"tags":[],"class_list":["post-3174","post","type-post","status-publish","format-standard","has-post-thumbnail","hentry","category-6e","category-primaria"],"post_mailing_queue_ids":[],"_links":{"self":[{"href":"https:\/\/agora.xtec.cat\/ietorrelles\/wp-json\/wp\/v2\/posts\/3174","targetHints":{"allow":["GET"]}}],"collection":[{"href":"https:\/\/agora.xtec.cat\/ietorrelles\/wp-json\/wp\/v2\/posts"}],"about":[{"href":"https:\/\/agora.xtec.cat\/ietorrelles\/wp-json\/wp\/v2\/types\/post"}],"author":[{"embeddable":true,"href":"https:\/\/agora.xtec.cat\/ietorrelles\/wp-json\/wp\/v2\/users\/68"}],"replies":[{"embeddable":true,"href":"https:\/\/agora.xtec.cat\/ietorrelles\/wp-json\/wp\/v2\/comments?post=3174"}],"version-history":[{"count":1,"href":"https:\/\/agora.xtec.cat\/ietorrelles\/wp-json\/wp\/v2\/posts\/3174\/revisions"}],"predecessor-version":[{"id":3176,"href":"https:\/\/agora.xtec.cat\/ietorrelles\/wp-json\/wp\/v2\/posts\/3174\/revisions\/3176"}],"wp:featuredmedia":[{"embeddable":true,"href":"https:\/\/agora.xtec.cat\/ietorrelles\/wp-json\/wp\/v2\/media\/3175"}],"wp:attachment":[{"href":"https:\/\/agora.xtec.cat\/ietorrelles\/wp-json\/wp\/v2\/media?parent=3174"}],"wp:term":[{"taxonomy":"category","embeddable":true,"href":"https:\/\/agora.xtec.cat\/ietorrelles\/wp-json\/wp\/v2\/categories?post=3174"},{"taxonomy":"post_tag","embeddable":true,"href":"https:\/\/agora.xtec.cat\/ietorrelles\/wp-json\/wp\/v2\/tags?post=3174"}],"curies":[{"name":"wp","href":"https:\/\/api.w.org\/{rel}","templated":true}]}}