{"id":3168,"date":"2024-10-11T13:05:21","date_gmt":"2024-10-11T11:05:21","guid":{"rendered":"https:\/\/agora.xtec.cat\/ietorrelles\/?p=3168"},"modified":"2025-01-29T15:59:34","modified_gmt":"2025-01-29T14:59:34","slug":"tallers-de-plastica-a-la-comunitat-de-grans","status":"publish","type":"post","link":"https:\/\/agora.xtec.cat\/ietorrelles\/eso-2\/primaria\/tallers-de-plastica-a-la-comunitat-de-grans\/","title":{"rendered":"Tallers de pl\u00e0stica a la Comunitat de grans"},"content":{"rendered":"<p>Hola fam\u00edlies!<\/p>\n<p>Aquest 10 d&#8217;octubre, la Comunitat de grans vam encetar els tallers de pl\u00e0stica.<\/p>\n<p>L&#8217;alumnat va rebre la primera sessi\u00f3 amb molt d&#8217;entusiasme, ja que els hi encanta l&#8217;hora de tallers. Enguany fem: rob\u00f2tica, paper maix\u00e9, dibuix, aquarel\u00b7les i moviment.<\/p>\n<p>Podeu veure les fotos al drive.<\/p>\n<p>Salutacions,<\/p>\n<p>Equip docent Comunitat de grans.<\/p>\n","protected":false},"excerpt":{"rendered":"<p>Hola fam\u00edlies!<br \/>\nAquest 10 d&#8217;octubre, la Comunitat de grans vam encetar els tallers de pl\u00e0stica.<br \/>\nL&#8217;alumnat va rebre la primera sessi\u00f3 amb molt d&#8217;entusiasme, ja que els hi encanta l&#8217;hora de tallers. Enguany fem: rob\u00f2tica, paper maix\u00e9, dibuix, aquarel\u00b7les i moviment.<br \/>\nPodeu veure les fotos al drive.<br \/>\nSalutacions,<br \/>\nEquip docent&hellip;  <a href=\"https:\/\/agora.xtec.cat\/ietorrelles\/eso-2\/primaria\/tallers-de-plastica-a-la-comunitat-de-grans\/\" title=\"Read Tallers de pl\u00e0stica a la Comunitat de grans\">Llegeix m\u00e9s\u00bb<\/a><\/p>\n","protected":false},"author":68,"featured_media":3171,"comment_status":"open","ping_status":"closed","sticky":false,"template":"","format":"standard","meta":{"_bbp_topic_count":0,"_bbp_reply_count":0,"_bbp_total_topic_count":0,"_bbp_total_reply_count":0,"_bbp_voice_count":0,"_bbp_anonymous_reply_count":0,"_bbp_topic_count_hidden":0,"_bbp_reply_count_hidden":0,"_bbp_forum_subforum_count":0,"footnotes":""},"categories":[13,14,15,5],"tags":[],"class_list":["post-3168","post","type-post","status-publish","format-standard","has-post-thumbnail","hentry","category-4t","category-5e","category-6e","category-primaria"],"post_mailing_queue_ids":[],"_links":{"self":[{"href":"https:\/\/agora.xtec.cat\/ietorrelles\/wp-json\/wp\/v2\/posts\/3168","targetHints":{"allow":["GET"]}}],"collection":[{"href":"https:\/\/agora.xtec.cat\/ietorrelles\/wp-json\/wp\/v2\/posts"}],"about":[{"href":"https:\/\/agora.xtec.cat\/ietorrelles\/wp-json\/wp\/v2\/types\/post"}],"author":[{"embeddable":true,"href":"https:\/\/agora.xtec.cat\/ietorrelles\/wp-json\/wp\/v2\/users\/68"}],"replies":[{"embeddable":true,"href":"https:\/\/agora.xtec.cat\/ietorrelles\/wp-json\/wp\/v2\/comments?post=3168"}],"version-history":[{"count":2,"href":"https:\/\/agora.xtec.cat\/ietorrelles\/wp-json\/wp\/v2\/posts\/3168\/revisions"}],"predecessor-version":[{"id":3173,"href":"https:\/\/agora.xtec.cat\/ietorrelles\/wp-json\/wp\/v2\/posts\/3168\/revisions\/3173"}],"wp:featuredmedia":[{"embeddable":true,"href":"https:\/\/agora.xtec.cat\/ietorrelles\/wp-json\/wp\/v2\/media\/3171"}],"wp:attachment":[{"href":"https:\/\/agora.xtec.cat\/ietorrelles\/wp-json\/wp\/v2\/media?parent=3168"}],"wp:term":[{"taxonomy":"category","embeddable":true,"href":"https:\/\/agora.xtec.cat\/ietorrelles\/wp-json\/wp\/v2\/categories?post=3168"},{"taxonomy":"post_tag","embeddable":true,"href":"https:\/\/agora.xtec.cat\/ietorrelles\/wp-json\/wp\/v2\/tags?post=3168"}],"curies":[{"name":"wp","href":"https:\/\/api.w.org\/{rel}","templated":true}]}}