{"id":3163,"date":"2024-09-30T14:12:45","date_gmt":"2024-09-30T12:12:45","guid":{"rendered":"https:\/\/agora.xtec.cat\/ietorrelles\/?p=3163"},"modified":"2025-01-29T15:35:57","modified_gmt":"2025-01-29T14:35:57","slug":"estrenem-la-biblioteca","status":"publish","type":"post","link":"https:\/\/agora.xtec.cat\/ietorrelles\/eso-2\/primaria\/estrenem-la-biblioteca\/","title":{"rendered":"Estrenem la biblioteca"},"content":{"rendered":"<p>Benvolgudes fam\u00edlies,<\/p>\n<p>El passat 23 de setembre, la Comunitat de grans, vam rebre una formaci\u00f3 sobre el funcionament de la nostra biblioteca.<\/p>\n<p>La xerrada va ser a c\u00e0rrec de la coordinadora de biblioteca, l&#8217;Astrid, i les \u00e0vies volunt\u00e0ries.<\/p>\n<p>Va ser una estona molt agradable on vam poder con\u00e8ixer el funcionament de la biblioteca i vam poder veure com l&#8217;han deixat de bonica. Moltes gr\u00e0cies!<\/p>\n<p>Ja podeu veure les fotos al <em>drive<\/em> de com va anar.<\/p>\n<p>Equip docent de grans.<\/p>\n","protected":false},"excerpt":{"rendered":"<p>Benvolgudes fam\u00edlies,<br \/>\nEl passat 23 de setembre, la Comunitat de grans, vam rebre una formaci\u00f3 sobre el funcionament de la nostra biblioteca.<br \/>\nLa xerrada va ser a c\u00e0rrec de la coordinadora de biblioteca, l&#8217;Astrid, i les \u00e0vies volunt\u00e0ries.<br \/>\nVa ser una estona molt agradable on vam poder con\u00e8ixer&hellip;  <a href=\"https:\/\/agora.xtec.cat\/ietorrelles\/eso-2\/primaria\/estrenem-la-biblioteca\/\" title=\"Read Estrenem la biblioteca\">Llegeix m\u00e9s\u00bb<\/a><\/p>\n","protected":false},"author":68,"featured_media":3164,"comment_status":"open","ping_status":"closed","sticky":false,"template":"","format":"standard","meta":{"_bbp_topic_count":0,"_bbp_reply_count":0,"_bbp_total_topic_count":0,"_bbp_total_reply_count":0,"_bbp_voice_count":0,"_bbp_anonymous_reply_count":0,"_bbp_topic_count_hidden":0,"_bbp_reply_count_hidden":0,"_bbp_forum_subforum_count":0,"footnotes":""},"categories":[15,5],"tags":[],"class_list":["post-3163","post","type-post","status-publish","format-standard","has-post-thumbnail","hentry","category-6e","category-primaria"],"post_mailing_queue_ids":[],"_links":{"self":[{"href":"https:\/\/agora.xtec.cat\/ietorrelles\/wp-json\/wp\/v2\/posts\/3163","targetHints":{"allow":["GET"]}}],"collection":[{"href":"https:\/\/agora.xtec.cat\/ietorrelles\/wp-json\/wp\/v2\/posts"}],"about":[{"href":"https:\/\/agora.xtec.cat\/ietorrelles\/wp-json\/wp\/v2\/types\/post"}],"author":[{"embeddable":true,"href":"https:\/\/agora.xtec.cat\/ietorrelles\/wp-json\/wp\/v2\/users\/68"}],"replies":[{"embeddable":true,"href":"https:\/\/agora.xtec.cat\/ietorrelles\/wp-json\/wp\/v2\/comments?post=3163"}],"version-history":[{"count":2,"href":"https:\/\/agora.xtec.cat\/ietorrelles\/wp-json\/wp\/v2\/posts\/3163\/revisions"}],"predecessor-version":[{"id":3167,"href":"https:\/\/agora.xtec.cat\/ietorrelles\/wp-json\/wp\/v2\/posts\/3163\/revisions\/3167"}],"wp:featuredmedia":[{"embeddable":true,"href":"https:\/\/agora.xtec.cat\/ietorrelles\/wp-json\/wp\/v2\/media\/3164"}],"wp:attachment":[{"href":"https:\/\/agora.xtec.cat\/ietorrelles\/wp-json\/wp\/v2\/media?parent=3163"}],"wp:term":[{"taxonomy":"category","embeddable":true,"href":"https:\/\/agora.xtec.cat\/ietorrelles\/wp-json\/wp\/v2\/categories?post=3163"},{"taxonomy":"post_tag","embeddable":true,"href":"https:\/\/agora.xtec.cat\/ietorrelles\/wp-json\/wp\/v2\/tags?post=3163"}],"curies":[{"name":"wp","href":"https:\/\/api.w.org\/{rel}","templated":true}]}}