{"id":3018,"date":"2024-11-06T09:32:10","date_gmt":"2024-11-06T08:32:10","guid":{"rendered":"https:\/\/agora.xtec.cat\/ietorrelles\/?p=3018"},"modified":"2024-11-07T22:49:53","modified_gmt":"2024-11-07T21:49:53","slug":"castanyes-i-panellets","status":"publish","type":"post","link":"https:\/\/agora.xtec.cat\/ietorrelles\/eso-2\/primaria\/castanyes-i-panellets\/","title":{"rendered":"Castanyes i panellets!"},"content":{"rendered":"<p>Dimecres 30 d&#8217;octubre, els nens i les nenes de la comunitat de grans van celebrar la festa de la Castanyada menjant castanyes torrades i panellets fets per ells i elles el dia d&#8217;abans. Van gaudir elaborant la massa, fent-los de diferents formes i gustos.<\/p>\n<p>Dimarts a la tarda, van fer una sortida per l&#8217;entorn per recollir elements de la tardor amb els que dimecres van muntar m\u00f2bils, en grups, per a decorar els passadissos de l&#8217;escola.<\/p>\n<p>Volem agrair la col\u00b7laboraci\u00f3 de les fam\u00edlies que van ajudar a torrar castanyes. Estaven bon\u00edssimes!!!<\/p>\n<p>Aqu\u00ed us deixem un recull de fotografies.<\/p>\n<p><a href=\"https:\/\/drive.google.com\/drive\/folders\/1limBQV1yrw3eRWAjRR-yLHoloVjHWyeW?usp=drive_link\">4t<\/a>, <a href=\"https:\/\/drive.google.com\/drive\/folders\/1gj3hhfDhMPM3j-k-ayC-BtjVtqSrzRT3?usp=drive_link\">5\u00e8<\/a>, <a href=\"https:\/\/drive.google.com\/drive\/folders\/11qwj9vLWKiLAl4GehbUCGnBgXqzMOU89?usp=drive_link\">6\u00e8<\/a><\/p>\n<p>&nbsp;<\/p>\n<p><img loading=\"lazy\" decoding=\"async\" class=\" wp-image-3020 aligncenter\" src=\"https:\/\/agora.xtec.cat\/ietorrelles\/wp-content\/uploads\/usu2293\/2024\/11\/panellets.jpg\" alt=\"\" width=\"364\" height=\"273\" srcset=\"https:\/\/agora.xtec.cat\/ietorrelles\/wp-content\/uploads\/usu2293\/2024\/11\/panellets.jpg 259w, https:\/\/agora.xtec.cat\/ietorrelles\/wp-content\/uploads\/usu2293\/2024\/11\/panellets-200x150.jpg 200w\" sizes=\"auto, (max-width: 364px) 100vw, 364px\" \/><\/p>\n<p>&nbsp;<\/p>\n","protected":false},"excerpt":{"rendered":"<p>Dimecres 30 d&#8217;octubre, els nens i les nenes de la comunitat de grans van celebrar la festa de la Castanyada menjant castanyes torrades i panellets fets per ells i elles el dia d&#8217;abans. Van gaudir elaborant la massa, fent-los de diferents formes i gustos.<br \/>\nDimarts a&hellip;  <a href=\"https:\/\/agora.xtec.cat\/ietorrelles\/eso-2\/primaria\/castanyes-i-panellets\/\" title=\"Read Castanyes i panellets!\">Llegeix m\u00e9s\u00bb<\/a><\/p>\n","protected":false},"author":68,"featured_media":3020,"comment_status":"open","ping_status":"closed","sticky":false,"template":"","format":"standard","meta":{"_bbp_topic_count":0,"_bbp_reply_count":0,"_bbp_total_topic_count":0,"_bbp_total_reply_count":0,"_bbp_voice_count":0,"_bbp_anonymous_reply_count":0,"_bbp_topic_count_hidden":0,"_bbp_reply_count_hidden":0,"_bbp_forum_subforum_count":0,"footnotes":""},"categories":[13,14,15,5],"tags":[146,102],"class_list":["post-3018","post","type-post","status-publish","format-standard","has-post-thumbnail","hentry","category-4t","category-5e","category-6e","category-primaria","tag-comunitat-grans","tag-primaria"],"post_mailing_queue_ids":[],"_links":{"self":[{"href":"https:\/\/agora.xtec.cat\/ietorrelles\/wp-json\/wp\/v2\/posts\/3018","targetHints":{"allow":["GET"]}}],"collection":[{"href":"https:\/\/agora.xtec.cat\/ietorrelles\/wp-json\/wp\/v2\/posts"}],"about":[{"href":"https:\/\/agora.xtec.cat\/ietorrelles\/wp-json\/wp\/v2\/types\/post"}],"author":[{"embeddable":true,"href":"https:\/\/agora.xtec.cat\/ietorrelles\/wp-json\/wp\/v2\/users\/68"}],"replies":[{"embeddable":true,"href":"https:\/\/agora.xtec.cat\/ietorrelles\/wp-json\/wp\/v2\/comments?post=3018"}],"version-history":[{"count":3,"href":"https:\/\/agora.xtec.cat\/ietorrelles\/wp-json\/wp\/v2\/posts\/3018\/revisions"}],"predecessor-version":[{"id":3022,"href":"https:\/\/agora.xtec.cat\/ietorrelles\/wp-json\/wp\/v2\/posts\/3018\/revisions\/3022"}],"wp:featuredmedia":[{"embeddable":true,"href":"https:\/\/agora.xtec.cat\/ietorrelles\/wp-json\/wp\/v2\/media\/3020"}],"wp:attachment":[{"href":"https:\/\/agora.xtec.cat\/ietorrelles\/wp-json\/wp\/v2\/media?parent=3018"}],"wp:term":[{"taxonomy":"category","embeddable":true,"href":"https:\/\/agora.xtec.cat\/ietorrelles\/wp-json\/wp\/v2\/categories?post=3018"},{"taxonomy":"post_tag","embeddable":true,"href":"https:\/\/agora.xtec.cat\/ietorrelles\/wp-json\/wp\/v2\/tags?post=3018"}],"curies":[{"name":"wp","href":"https:\/\/api.w.org\/{rel}","templated":true}]}}