{"id":3009,"date":"2024-10-30T12:15:31","date_gmt":"2024-10-30T11:15:31","guid":{"rendered":"https:\/\/agora.xtec.cat\/ietorrelles\/?p=3009"},"modified":"2024-10-30T12:16:39","modified_gmt":"2024-10-30T11:16:39","slug":"exposicio-sobre-la-salut","status":"publish","type":"post","link":"https:\/\/agora.xtec.cat\/ietorrelles\/eso-2\/primaria\/1r\/exposicio-sobre-la-salut\/","title":{"rendered":"Exposici\u00f3 sobre la salut"},"content":{"rendered":"<p>L&#8217;alumnat de 1r, 2n i 3r de prim\u00e0ria, des de l&#8217;\u00e0rea d&#8217;educaci\u00f3 f\u00edsica, ha treballat la salut. Han apr\u00e8s que la salut no \u00e9s nom\u00e9s que no ens faci mal el cap o la panxa, sin\u00f3 que per tenir una bona salut integral necessitem que el nostre cos, la nostra ment i les nostres emocions estiguin b\u00e9.<\/p>\n<p>Us convidem a passar pel vest\u00edbul de l&#8217;edifici verd a veure l&#8217;exposici\u00f3.<\/p>\n<p>&nbsp;<\/p>\n<p><a href=\"https:\/\/agora.xtec.cat\/ietorrelles\/wp-content\/uploads\/usu2293\/2024\/10\/exposicio-salut-min-scaled.jpg\"><img loading=\"lazy\" decoding=\"async\" class=\"alignnone size-large wp-image-3010\" src=\"https:\/\/agora.xtec.cat\/ietorrelles\/wp-content\/uploads\/usu2293\/2024\/10\/exposicio-salut-min-576x1024.jpg\" alt=\"\" width=\"576\" height=\"1024\" srcset=\"https:\/\/agora.xtec.cat\/ietorrelles\/wp-content\/uploads\/usu2293\/2024\/10\/exposicio-salut-min-576x1024.jpg 576w, https:\/\/agora.xtec.cat\/ietorrelles\/wp-content\/uploads\/usu2293\/2024\/10\/exposicio-salut-min-169x300.jpg 169w, https:\/\/agora.xtec.cat\/ietorrelles\/wp-content\/uploads\/usu2293\/2024\/10\/exposicio-salut-min-768x1365.jpg 768w, https:\/\/agora.xtec.cat\/ietorrelles\/wp-content\/uploads\/usu2293\/2024\/10\/exposicio-salut-min-864x1536.jpg 864w, https:\/\/agora.xtec.cat\/ietorrelles\/wp-content\/uploads\/usu2293\/2024\/10\/exposicio-salut-min-1152x2048.jpg 1152w, https:\/\/agora.xtec.cat\/ietorrelles\/wp-content\/uploads\/usu2293\/2024\/10\/exposicio-salut-min-scaled.jpg 1440w\" sizes=\"auto, (max-width: 576px) 100vw, 576px\" \/><\/a><\/p>\n","protected":false},"excerpt":{"rendered":"<p>L&#8217;alumnat de 1r, 2n i 3r de prim\u00e0ria, des de l&#8217;\u00e0rea d&#8217;educaci\u00f3 f\u00edsica, ha treballat la salut. Han apr\u00e8s que la salut no \u00e9s nom\u00e9s que no ens faci mal el cap o la panxa, sin\u00f3 que per tenir una bona salut integral necessitem que&hellip;  <a href=\"https:\/\/agora.xtec.cat\/ietorrelles\/eso-2\/primaria\/1r\/exposicio-sobre-la-salut\/\" title=\"Read Exposici\u00f3 sobre la salut\">Llegeix m\u00e9s\u00bb<\/a><\/p>\n","protected":false},"author":67,"featured_media":0,"comment_status":"open","ping_status":"closed","sticky":false,"template":"","format":"standard","meta":{"_bbp_topic_count":0,"_bbp_reply_count":0,"_bbp_total_topic_count":0,"_bbp_total_reply_count":0,"_bbp_voice_count":0,"_bbp_anonymous_reply_count":0,"_bbp_topic_count_hidden":0,"_bbp_reply_count_hidden":0,"_bbp_forum_subforum_count":0,"footnotes":""},"categories":[10,11,12],"tags":[],"class_list":["post-3009","post","type-post","status-publish","format-standard","hentry","category-1r","category-2n","category-3r"],"post_mailing_queue_ids":[],"_links":{"self":[{"href":"https:\/\/agora.xtec.cat\/ietorrelles\/wp-json\/wp\/v2\/posts\/3009","targetHints":{"allow":["GET"]}}],"collection":[{"href":"https:\/\/agora.xtec.cat\/ietorrelles\/wp-json\/wp\/v2\/posts"}],"about":[{"href":"https:\/\/agora.xtec.cat\/ietorrelles\/wp-json\/wp\/v2\/types\/post"}],"author":[{"embeddable":true,"href":"https:\/\/agora.xtec.cat\/ietorrelles\/wp-json\/wp\/v2\/users\/67"}],"replies":[{"embeddable":true,"href":"https:\/\/agora.xtec.cat\/ietorrelles\/wp-json\/wp\/v2\/comments?post=3009"}],"version-history":[{"count":3,"href":"https:\/\/agora.xtec.cat\/ietorrelles\/wp-json\/wp\/v2\/posts\/3009\/revisions"}],"predecessor-version":[{"id":3013,"href":"https:\/\/agora.xtec.cat\/ietorrelles\/wp-json\/wp\/v2\/posts\/3009\/revisions\/3013"}],"wp:attachment":[{"href":"https:\/\/agora.xtec.cat\/ietorrelles\/wp-json\/wp\/v2\/media?parent=3009"}],"wp:term":[{"taxonomy":"category","embeddable":true,"href":"https:\/\/agora.xtec.cat\/ietorrelles\/wp-json\/wp\/v2\/categories?post=3009"},{"taxonomy":"post_tag","embeddable":true,"href":"https:\/\/agora.xtec.cat\/ietorrelles\/wp-json\/wp\/v2\/tags?post=3009"}],"curies":[{"name":"wp","href":"https:\/\/api.w.org\/{rel}","templated":true}]}}