{"id":2990,"date":"2024-10-15T09:26:32","date_gmt":"2024-10-15T07:26:32","guid":{"rendered":"https:\/\/agora.xtec.cat\/ietorrelles\/?p=2990"},"modified":"2024-11-25T11:23:51","modified_gmt":"2024-11-25T10:23:51","slug":"comencem-els-tallers-deducacio-artistica","status":"publish","type":"post","link":"https:\/\/agora.xtec.cat\/ietorrelles\/eso-2\/primaria\/1r\/comencem-els-tallers-deducacio-artistica\/","title":{"rendered":"Comencem els tallers d&#8217;educaci\u00f3 art\u00edstica!!!"},"content":{"rendered":"<p><span style=\"font-weight: 400;\">El dia 10 d\u2019Octubre vam comen\u00e7ar els tallers d\u2019educaci\u00f3 art\u00edstica que farem durant tot el curs les tardes del dijous. Aquest any tenim algunes novetats, ja que tamb\u00e9 hem introdu\u00eft aspectes com les arts esc\u00e8niques i audiovisuals. I tamb\u00e9 hem ampliat el nombre de tallers.\u00a0<\/span><\/p>\n<p>&nbsp;<\/p>\n<p><span style=\"font-weight: 400;\">Els tallers que farem durant tot el curs seran:<\/span><\/p>\n<ul>\n<li style=\"font-weight: 400;\" aria-level=\"1\"><span style=\"font-weight: 400;\">Rob\u00f2tica<\/span><\/li>\n<li style=\"font-weight: 400;\" aria-level=\"1\"><span style=\"font-weight: 400;\">Dibuix i pintura<\/span><\/li>\n<li style=\"font-weight: 400;\" aria-level=\"1\"><span style=\"font-weight: 400;\">Modelatge<\/span><\/li>\n<li style=\"font-weight: 400;\" aria-level=\"1\"><span style=\"font-weight: 400;\">Moviment<\/span><\/li>\n<li style=\"font-weight: 400;\" aria-level=\"1\"><span style=\"font-weight: 400;\">Teatre<\/span><\/li>\n<li style=\"font-weight: 400;\" aria-level=\"1\"><span style=\"font-weight: 400;\">Audiovisuals: fotografia<\/span><\/li>\n<\/ul>\n<p><a href=\"https:\/\/agora.xtec.cat\/ietorrelles\/wp-content\/uploads\/usu2293\/2024\/10\/IMG-20241017-WA0011.jpg\"><img loading=\"lazy\" decoding=\"async\" class=\"alignnone size-full wp-image-2998\" src=\"https:\/\/agora.xtec.cat\/ietorrelles\/wp-content\/uploads\/usu2293\/2024\/10\/IMG-20241017-WA0011.jpg\" alt=\"\" width=\"2040\" height=\"1530\" srcset=\"https:\/\/agora.xtec.cat\/ietorrelles\/wp-content\/uploads\/usu2293\/2024\/10\/IMG-20241017-WA0011.jpg 2040w, https:\/\/agora.xtec.cat\/ietorrelles\/wp-content\/uploads\/usu2293\/2024\/10\/IMG-20241017-WA0011-300x225.jpg 300w, https:\/\/agora.xtec.cat\/ietorrelles\/wp-content\/uploads\/usu2293\/2024\/10\/IMG-20241017-WA0011-1024x768.jpg 1024w, https:\/\/agora.xtec.cat\/ietorrelles\/wp-content\/uploads\/usu2293\/2024\/10\/IMG-20241017-WA0011-768x576.jpg 768w, https:\/\/agora.xtec.cat\/ietorrelles\/wp-content\/uploads\/usu2293\/2024\/10\/IMG-20241017-WA0011-1536x1152.jpg 1536w, https:\/\/agora.xtec.cat\/ietorrelles\/wp-content\/uploads\/usu2293\/2024\/10\/IMG-20241017-WA0011-200x150.jpg 200w\" sizes=\"auto, (max-width: 2040px) 100vw, 2040px\" \/><\/a> <a href=\"https:\/\/agora.xtec.cat\/ietorrelles\/wp-content\/uploads\/usu2293\/2024\/10\/IMG_3555.heic\"><img decoding=\"async\" class=\"alignnone size-full wp-image-2999\" src=\"https:\/\/agora.xtec.cat\/ietorrelles\/wp-content\/uploads\/usu2293\/2024\/10\/IMG_3555.heic\" alt=\"\" \/><\/a> <a href=\"https:\/\/agora.xtec.cat\/ietorrelles\/wp-content\/uploads\/usu2293\/2024\/10\/IMG_3554.heic\"><img decoding=\"async\" class=\"alignnone size-full wp-image-3000\" src=\"https:\/\/agora.xtec.cat\/ietorrelles\/wp-content\/uploads\/usu2293\/2024\/10\/IMG_3554.heic\" alt=\"\" \/><\/a> <a href=\"https:\/\/agora.xtec.cat\/ietorrelles\/wp-content\/uploads\/usu2293\/2024\/10\/IMG_3548.heic\"><img decoding=\"async\" class=\"alignnone size-full wp-image-3001\" src=\"https:\/\/agora.xtec.cat\/ietorrelles\/wp-content\/uploads\/usu2293\/2024\/10\/IMG_3548.heic\" alt=\"\" \/><\/a> <a href=\"https:\/\/agora.xtec.cat\/ietorrelles\/wp-content\/uploads\/usu2293\/2024\/10\/IMG-20241017-WA0027.jpg\"><img loading=\"lazy\" decoding=\"async\" class=\"alignnone size-full wp-image-3002\" src=\"https:\/\/agora.xtec.cat\/ietorrelles\/wp-content\/uploads\/usu2293\/2024\/10\/IMG-20241017-WA0027.jpg\" alt=\"\" width=\"2048\" height=\"1536\" srcset=\"https:\/\/agora.xtec.cat\/ietorrelles\/wp-content\/uploads\/usu2293\/2024\/10\/IMG-20241017-WA0027.jpg 2048w, https:\/\/agora.xtec.cat\/ietorrelles\/wp-content\/uploads\/usu2293\/2024\/10\/IMG-20241017-WA0027-300x225.jpg 300w, https:\/\/agora.xtec.cat\/ietorrelles\/wp-content\/uploads\/usu2293\/2024\/10\/IMG-20241017-WA0027-1024x768.jpg 1024w, https:\/\/agora.xtec.cat\/ietorrelles\/wp-content\/uploads\/usu2293\/2024\/10\/IMG-20241017-WA0027-768x576.jpg 768w, https:\/\/agora.xtec.cat\/ietorrelles\/wp-content\/uploads\/usu2293\/2024\/10\/IMG-20241017-WA0027-1536x1152.jpg 1536w, https:\/\/agora.xtec.cat\/ietorrelles\/wp-content\/uploads\/usu2293\/2024\/10\/IMG-20241017-WA0027-200x150.jpg 200w\" sizes=\"auto, (max-width: 2048px) 100vw, 2048px\" \/><\/a> <a href=\"https:\/\/agora.xtec.cat\/ietorrelles\/wp-content\/uploads\/usu2293\/2024\/10\/IMG-20241017-WA0026.jpg\"><img loading=\"lazy\" decoding=\"async\" class=\"alignnone size-full wp-image-3003\" src=\"https:\/\/agora.xtec.cat\/ietorrelles\/wp-content\/uploads\/usu2293\/2024\/10\/IMG-20241017-WA0026.jpg\" alt=\"\" width=\"1536\" height=\"2048\" srcset=\"https:\/\/agora.xtec.cat\/ietorrelles\/wp-content\/uploads\/usu2293\/2024\/10\/IMG-20241017-WA0026.jpg 1536w, https:\/\/agora.xtec.cat\/ietorrelles\/wp-content\/uploads\/usu2293\/2024\/10\/IMG-20241017-WA0026-225x300.jpg 225w, https:\/\/agora.xtec.cat\/ietorrelles\/wp-content\/uploads\/usu2293\/2024\/10\/IMG-20241017-WA0026-768x1024.jpg 768w, https:\/\/agora.xtec.cat\/ietorrelles\/wp-content\/uploads\/usu2293\/2024\/10\/IMG-20241017-WA0026-1152x1536.jpg 1152w\" sizes=\"auto, (max-width: 1536px) 100vw, 1536px\" \/><\/a> <a href=\"https:\/\/agora.xtec.cat\/ietorrelles\/wp-content\/uploads\/usu2293\/2024\/10\/IMG-20241017-WA0022.jpg\"><img loading=\"lazy\" decoding=\"async\" class=\"alignnone size-full wp-image-3004\" src=\"https:\/\/agora.xtec.cat\/ietorrelles\/wp-content\/uploads\/usu2293\/2024\/10\/IMG-20241017-WA0022.jpg\" alt=\"\" width=\"1536\" height=\"2048\" srcset=\"https:\/\/agora.xtec.cat\/ietorrelles\/wp-content\/uploads\/usu2293\/2024\/10\/IMG-20241017-WA0022.jpg 1536w, https:\/\/agora.xtec.cat\/ietorrelles\/wp-content\/uploads\/usu2293\/2024\/10\/IMG-20241017-WA0022-225x300.jpg 225w, https:\/\/agora.xtec.cat\/ietorrelles\/wp-content\/uploads\/usu2293\/2024\/10\/IMG-20241017-WA0022-768x1024.jpg 768w, https:\/\/agora.xtec.cat\/ietorrelles\/wp-content\/uploads\/usu2293\/2024\/10\/IMG-20241017-WA0022-1152x1536.jpg 1152w\" sizes=\"auto, (max-width: 1536px) 100vw, 1536px\" \/><\/a> <a href=\"https:\/\/agora.xtec.cat\/ietorrelles\/wp-content\/uploads\/usu2293\/2024\/10\/IMG-20241017-WA0012.jpg\"><img loading=\"lazy\" decoding=\"async\" class=\"alignnone size-full wp-image-3005\" src=\"https:\/\/agora.xtec.cat\/ietorrelles\/wp-content\/uploads\/usu2293\/2024\/10\/IMG-20241017-WA0012.jpg\" alt=\"\" width=\"2040\" height=\"1530\" srcset=\"https:\/\/agora.xtec.cat\/ietorrelles\/wp-content\/uploads\/usu2293\/2024\/10\/IMG-20241017-WA0012.jpg 2040w, https:\/\/agora.xtec.cat\/ietorrelles\/wp-content\/uploads\/usu2293\/2024\/10\/IMG-20241017-WA0012-300x225.jpg 300w, https:\/\/agora.xtec.cat\/ietorrelles\/wp-content\/uploads\/usu2293\/2024\/10\/IMG-20241017-WA0012-1024x768.jpg 1024w, https:\/\/agora.xtec.cat\/ietorrelles\/wp-content\/uploads\/usu2293\/2024\/10\/IMG-20241017-WA0012-768x576.jpg 768w, https:\/\/agora.xtec.cat\/ietorrelles\/wp-content\/uploads\/usu2293\/2024\/10\/IMG-20241017-WA0012-1536x1152.jpg 1536w, https:\/\/agora.xtec.cat\/ietorrelles\/wp-content\/uploads\/usu2293\/2024\/10\/IMG-20241017-WA0012-200x150.jpg 200w\" sizes=\"auto, (max-width: 2040px) 100vw, 2040px\" \/><\/a><\/p>\n<p><span style=\"font-weight: 400;\">Esperem que els vostres petits i petites artistes gaudeixin d\u2019all\u00f2 m\u00e9s realitzant aquests tallers. <\/span><\/p>\n","protected":false},"excerpt":{"rendered":"<p>El dia 10 d\u2019Octubre vam comen\u00e7ar els tallers d\u2019educaci\u00f3 art\u00edstica que farem durant tot el curs les tardes del dijous. Aquest any tenim algunes novetats, ja que tamb\u00e9 hem introdu\u00eft aspectes com les arts esc\u00e8niques i audiovisuals. I tamb\u00e9 hem ampliat el nombre de tallers.\u00a0<br \/>\n&nbsp;<br \/>\nEls&hellip;  <a href=\"https:\/\/agora.xtec.cat\/ietorrelles\/eso-2\/primaria\/1r\/comencem-els-tallers-deducacio-artistica\/\" title=\"Read Comencem els tallers d&#8217;educaci\u00f3 art\u00edstica!!!\">Llegeix m\u00e9s\u00bb<\/a><\/p>\n","protected":false},"author":67,"featured_media":3003,"comment_status":"open","ping_status":"closed","sticky":false,"template":"","format":"standard","meta":{"_bbp_topic_count":0,"_bbp_reply_count":0,"_bbp_total_topic_count":0,"_bbp_total_reply_count":0,"_bbp_voice_count":0,"_bbp_anonymous_reply_count":0,"_bbp_topic_count_hidden":0,"_bbp_reply_count_hidden":0,"_bbp_forum_subforum_count":0,"footnotes":""},"categories":[10,11,12],"tags":[],"class_list":["post-2990","post","type-post","status-publish","format-standard","has-post-thumbnail","hentry","category-1r","category-2n","category-3r"],"post_mailing_queue_ids":[],"_links":{"self":[{"href":"https:\/\/agora.xtec.cat\/ietorrelles\/wp-json\/wp\/v2\/posts\/2990","targetHints":{"allow":["GET"]}}],"collection":[{"href":"https:\/\/agora.xtec.cat\/ietorrelles\/wp-json\/wp\/v2\/posts"}],"about":[{"href":"https:\/\/agora.xtec.cat\/ietorrelles\/wp-json\/wp\/v2\/types\/post"}],"author":[{"embeddable":true,"href":"https:\/\/agora.xtec.cat\/ietorrelles\/wp-json\/wp\/v2\/users\/67"}],"replies":[{"embeddable":true,"href":"https:\/\/agora.xtec.cat\/ietorrelles\/wp-json\/wp\/v2\/comments?post=2990"}],"version-history":[{"count":2,"href":"https:\/\/agora.xtec.cat\/ietorrelles\/wp-json\/wp\/v2\/posts\/2990\/revisions"}],"predecessor-version":[{"id":3006,"href":"https:\/\/agora.xtec.cat\/ietorrelles\/wp-json\/wp\/v2\/posts\/2990\/revisions\/3006"}],"wp:featuredmedia":[{"embeddable":true,"href":"https:\/\/agora.xtec.cat\/ietorrelles\/wp-json\/wp\/v2\/media\/3003"}],"wp:attachment":[{"href":"https:\/\/agora.xtec.cat\/ietorrelles\/wp-json\/wp\/v2\/media?parent=2990"}],"wp:term":[{"taxonomy":"category","embeddable":true,"href":"https:\/\/agora.xtec.cat\/ietorrelles\/wp-json\/wp\/v2\/categories?post=2990"},{"taxonomy":"post_tag","embeddable":true,"href":"https:\/\/agora.xtec.cat\/ietorrelles\/wp-json\/wp\/v2\/tags?post=2990"}],"curies":[{"name":"wp","href":"https:\/\/api.w.org\/{rel}","templated":true}]}}