{"id":2923,"date":"2024-10-23T13:26:26","date_gmt":"2024-10-23T11:26:26","guid":{"rendered":"https:\/\/agora.xtec.cat\/ietorrelles\/?p=2923"},"modified":"2024-10-23T16:24:29","modified_gmt":"2024-10-23T14:24:29","slug":"i5-visita-lexposicio-dels-estelladors","status":"publish","type":"post","link":"https:\/\/agora.xtec.cat\/ietorrelles\/eso-2\/infantil\/i5-visita-lexposicio-dels-estelladors\/","title":{"rendered":"I5 visita l&#8217;exposici\u00f3 dels estelladors i estelladores"},"content":{"rendered":"<p>La classe dels<strong> Estelladors i estelladores<\/strong> i els <strong>Carretons<\/strong> han anat a l&#8217;Ateneu a veure l&#8217;Exposici\u00f3 dels Estelladors, en commemoraci\u00f3 al 40 aniversari. Un espai amb imatges antigues, una mostra de les eines i estris, una representaci\u00f3 a partir de Playmobil i molt m\u00e9s.<\/p>\n<p>Us animem a visitar-la!<\/p>\n<p><a href=\"https:\/\/agora.xtec.cat\/ietorrelles\/wp-content\/uploads\/usu2293\/2024\/10\/Ateneu.jpeg\"><img loading=\"lazy\" decoding=\"async\" class=\"wp-image-2924 aligncenter\" src=\"https:\/\/agora.xtec.cat\/ietorrelles\/wp-content\/uploads\/usu2293\/2024\/10\/Ateneu.jpeg\" alt=\"\" width=\"388\" height=\"339\" srcset=\"https:\/\/agora.xtec.cat\/ietorrelles\/wp-content\/uploads\/usu2293\/2024\/10\/Ateneu.jpeg 1389w, https:\/\/agora.xtec.cat\/ietorrelles\/wp-content\/uploads\/usu2293\/2024\/10\/Ateneu-300x262.jpeg 300w, https:\/\/agora.xtec.cat\/ietorrelles\/wp-content\/uploads\/usu2293\/2024\/10\/Ateneu-1024x894.jpeg 1024w, https:\/\/agora.xtec.cat\/ietorrelles\/wp-content\/uploads\/usu2293\/2024\/10\/Ateneu-768x670.jpeg 768w\" sizes=\"auto, (max-width: 388px) 100vw, 388px\" \/><\/a><\/p>\n<p>Comunitat de petits<\/p>\n","protected":false},"excerpt":{"rendered":"<p>La classe dels Estelladors i estelladores i els Carretons han anat a l&#8217;Ateneu a veure l&#8217;Exposici\u00f3 dels Estelladors, en commemoraci\u00f3 al 40 aniversari. Un espai amb imatges antigues, una mostra de les eines i estris, una representaci\u00f3 a partir de Playmobil i molt m\u00e9s.<br \/>\nUs animem&hellip;  <a href=\"https:\/\/agora.xtec.cat\/ietorrelles\/eso-2\/infantil\/i5-visita-lexposicio-dels-estelladors\/\" title=\"Read I5 visita l&#8217;exposici\u00f3 dels estelladors i estelladores\">Llegeix m\u00e9s\u00bb<\/a><\/p>\n","protected":false},"author":66,"featured_media":2924,"comment_status":"open","ping_status":"closed","sticky":false,"template":"","format":"standard","meta":{"_bbp_topic_count":0,"_bbp_reply_count":0,"_bbp_total_topic_count":0,"_bbp_total_reply_count":0,"_bbp_voice_count":0,"_bbp_anonymous_reply_count":0,"_bbp_topic_count_hidden":0,"_bbp_reply_count_hidden":0,"_bbp_forum_subforum_count":0,"footnotes":""},"categories":[9,2],"tags":[],"class_list":["post-2923","post","type-post","status-publish","format-standard","has-post-thumbnail","hentry","category-i5","category-infantil"],"post_mailing_queue_ids":[],"_links":{"self":[{"href":"https:\/\/agora.xtec.cat\/ietorrelles\/wp-json\/wp\/v2\/posts\/2923","targetHints":{"allow":["GET"]}}],"collection":[{"href":"https:\/\/agora.xtec.cat\/ietorrelles\/wp-json\/wp\/v2\/posts"}],"about":[{"href":"https:\/\/agora.xtec.cat\/ietorrelles\/wp-json\/wp\/v2\/types\/post"}],"author":[{"embeddable":true,"href":"https:\/\/agora.xtec.cat\/ietorrelles\/wp-json\/wp\/v2\/users\/66"}],"replies":[{"embeddable":true,"href":"https:\/\/agora.xtec.cat\/ietorrelles\/wp-json\/wp\/v2\/comments?post=2923"}],"version-history":[{"count":6,"href":"https:\/\/agora.xtec.cat\/ietorrelles\/wp-json\/wp\/v2\/posts\/2923\/revisions"}],"predecessor-version":[{"id":2936,"href":"https:\/\/agora.xtec.cat\/ietorrelles\/wp-json\/wp\/v2\/posts\/2923\/revisions\/2936"}],"wp:featuredmedia":[{"embeddable":true,"href":"https:\/\/agora.xtec.cat\/ietorrelles\/wp-json\/wp\/v2\/media\/2924"}],"wp:attachment":[{"href":"https:\/\/agora.xtec.cat\/ietorrelles\/wp-json\/wp\/v2\/media?parent=2923"}],"wp:term":[{"taxonomy":"category","embeddable":true,"href":"https:\/\/agora.xtec.cat\/ietorrelles\/wp-json\/wp\/v2\/categories?post=2923"},{"taxonomy":"post_tag","embeddable":true,"href":"https:\/\/agora.xtec.cat\/ietorrelles\/wp-json\/wp\/v2\/tags?post=2923"}],"curies":[{"name":"wp","href":"https:\/\/api.w.org\/{rel}","templated":true}]}}