{"id":2914,"date":"2024-09-27T21:31:28","date_gmt":"2024-09-27T19:31:28","guid":{"rendered":"https:\/\/agora.xtec.cat\/ietorrelles\/?p=2914"},"modified":"2024-09-27T21:38:07","modified_gmt":"2024-09-27T19:38:07","slug":"comencem-un-nou-projecte","status":"publish","type":"post","link":"https:\/\/agora.xtec.cat\/ietorrelles\/eso-2\/primaria\/comencem-un-nou-projecte\/","title":{"rendered":"Comencem un nou projecte!"},"content":{"rendered":"<p>Els nens i les nenes\u00a0 de 4t de prim\u00e0ria han gaudit d&#8217;un dia fant\u00e0stic fora de l&#8217;escola per observar i descobrir la flora de l&#8217;entorn. Han identificat les plantes m\u00e9s t\u00edpiques de Torrelles, han conegut les seves caracter\u00edstiques principals i curioses hist\u00f2ries sobre elles i els usos que tenien en l&#8217;antiguitat i\/o actualment, com per exemple, l&#8217;\u00fas medicinal o culinari. Al llarg del mat\u00ed, s&#8217;han organitzat en grups cooperatius per tal de dur a terme les diverses tasques com recollir mostres que a la tarda els ha perm\u00e8s la realitzaci\u00f3 d&#8217;un mural a les aules.<\/p>\n<p>Abans de tornar a l&#8217;escola, han trobat una carta a la Creu de Querol que ha marcat el tret de sortida del nou projecte -Les Creus de Torrelles- amb un repte que planteja aquesta carta.<\/p>\n<p><a href=\"https:\/\/drive.google.com\/drive\/folders\/1FEE9Q_XhUbgPJBnVbweKRI4O6VcCC4CD?usp=drive_link\">Aqu\u00ed<\/a> us deixem un recull de fotografies de la jornada.<\/p>\n<p>Ha estat un gran dia!<\/p>\n<p><a href=\"https:\/\/agora.xtec.cat\/ietorrelles\/wp-content\/uploads\/usu2293\/2024\/09\/baixa-1-1.jpg\"><img loading=\"lazy\" decoding=\"async\" class=\"alignnone size-full wp-image-2920\" src=\"https:\/\/agora.xtec.cat\/ietorrelles\/wp-content\/uploads\/usu2293\/2024\/09\/baixa-1-1.jpg\" alt=\"\" width=\"299\" height=\"168\" \/><\/a><\/p>\n","protected":false},"excerpt":{"rendered":"<p>Els nens i les nenes\u00a0 de 4t de prim\u00e0ria han gaudit d&#8217;un dia fant\u00e0stic fora de l&#8217;escola per observar i descobrir la flora de l&#8217;entorn. Han identificat les plantes m\u00e9s t\u00edpiques de Torrelles, han conegut les seves caracter\u00edstiques principals i curioses hist\u00f2ries sobre elles i&hellip;  <a href=\"https:\/\/agora.xtec.cat\/ietorrelles\/eso-2\/primaria\/comencem-un-nou-projecte\/\" title=\"Read Comencem un nou projecte!\">Llegeix m\u00e9s\u00bb<\/a><\/p>\n","protected":false},"author":68,"featured_media":2919,"comment_status":"open","ping_status":"closed","sticky":false,"template":"","format":"standard","meta":{"_bbp_topic_count":0,"_bbp_reply_count":0,"_bbp_total_topic_count":0,"_bbp_total_reply_count":0,"_bbp_voice_count":0,"_bbp_anonymous_reply_count":0,"_bbp_topic_count_hidden":0,"_bbp_reply_count_hidden":0,"_bbp_forum_subforum_count":0,"footnotes":""},"categories":[13,5],"tags":[],"class_list":["post-2914","post","type-post","status-publish","format-standard","has-post-thumbnail","hentry","category-4t","category-primaria"],"post_mailing_queue_ids":[],"_links":{"self":[{"href":"https:\/\/agora.xtec.cat\/ietorrelles\/wp-json\/wp\/v2\/posts\/2914","targetHints":{"allow":["GET"]}}],"collection":[{"href":"https:\/\/agora.xtec.cat\/ietorrelles\/wp-json\/wp\/v2\/posts"}],"about":[{"href":"https:\/\/agora.xtec.cat\/ietorrelles\/wp-json\/wp\/v2\/types\/post"}],"author":[{"embeddable":true,"href":"https:\/\/agora.xtec.cat\/ietorrelles\/wp-json\/wp\/v2\/users\/68"}],"replies":[{"embeddable":true,"href":"https:\/\/agora.xtec.cat\/ietorrelles\/wp-json\/wp\/v2\/comments?post=2914"}],"version-history":[{"count":5,"href":"https:\/\/agora.xtec.cat\/ietorrelles\/wp-json\/wp\/v2\/posts\/2914\/revisions"}],"predecessor-version":[{"id":2918,"href":"https:\/\/agora.xtec.cat\/ietorrelles\/wp-json\/wp\/v2\/posts\/2914\/revisions\/2918"}],"wp:featuredmedia":[{"embeddable":true,"href":"https:\/\/agora.xtec.cat\/ietorrelles\/wp-json\/wp\/v2\/media\/2919"}],"wp:attachment":[{"href":"https:\/\/agora.xtec.cat\/ietorrelles\/wp-json\/wp\/v2\/media?parent=2914"}],"wp:term":[{"taxonomy":"category","embeddable":true,"href":"https:\/\/agora.xtec.cat\/ietorrelles\/wp-json\/wp\/v2\/categories?post=2914"},{"taxonomy":"post_tag","embeddable":true,"href":"https:\/\/agora.xtec.cat\/ietorrelles\/wp-json\/wp\/v2\/tags?post=2914"}],"curies":[{"name":"wp","href":"https:\/\/api.w.org\/{rel}","templated":true}]}}