{"id":2825,"date":"2024-06-21T11:07:26","date_gmt":"2024-06-21T09:07:26","guid":{"rendered":"https:\/\/agora.xtec.cat\/ietorrelles\/?p=2825"},"modified":"2024-06-27T11:14:33","modified_gmt":"2024-06-27T09:14:33","slug":"comiat-de-lalumnat-de-4t-deso-a-linstitut-escola-torrelles","status":"publish","type":"post","link":"https:\/\/agora.xtec.cat\/ietorrelles\/eso-2\/comiat-de-lalumnat-de-4t-deso-a-linstitut-escola-torrelles\/","title":{"rendered":"Comiat de l&#8217;alumnat de 4t d&#8217;ESO a l&#8217;Institut Escola Torrelles"},"content":{"rendered":"<p>El passat 21 de juny, l&#8217;Institut Escola Torrelles va celebrar el comiat de l&#8217;alumnat de 4t d&#8217;ESO i el comiat de curs amb una jornada plena d&#8217;activitats i emocions al Camp d&#8217;Esports de Torrelles.<br \/>\nLa jornada va estar marcada per diferents jocs i din\u00e0miques que van integrar la comunitat educativa, des dels m\u00e9s petits fins als m\u00e9s grans. Va ser una oportunitat per enfortir els vincles i gaudir d&#8217;un mat\u00ed ple de diversi\u00f3 i companyonia. A m\u00e9s, la m\u00fasica del grup Crispeta va animar l&#8217;ambient i va fer les del\u00edcies de tots els assistents.<br \/>\nEl moment culminant de la celebraci\u00f3 va ser l&#8217;entrega d&#8217;un petit recordatori a tot l&#8217;alumnat de 4t d&#8217;ESO que es graduava fet per la resta d&#8217;alumnat de l&#8217;Institut Escola, com a s\u00edmbol de reconeixement pel seu esfor\u00e7 i dedicaci\u00f3 al llarg dels anys. .<br \/>\nDes de l&#8217;Institut Escola Torrelles, desitgem a tots els graduats un molt bon estiu i els millors \u00e8xits en els seus futurs projectes. Enhorabona a totes i tots!<\/p>\n<p><a href=\"https:\/\/agora.xtec.cat\/ietorrelles\/wp-content\/uploads\/usu2293\/2024\/06\/20240621_103342-compressed-scaled.jpg\"><img loading=\"lazy\" decoding=\"async\" class=\"alignnone size-full wp-image-2826\" src=\"https:\/\/agora.xtec.cat\/ietorrelles\/wp-content\/uploads\/usu2293\/2024\/06\/20240621_103342-compressed-scaled.jpg\" alt=\"\" width=\"2560\" height=\"1920\" srcset=\"https:\/\/agora.xtec.cat\/ietorrelles\/wp-content\/uploads\/usu2293\/2024\/06\/20240621_103342-compressed-scaled.jpg 2560w, https:\/\/agora.xtec.cat\/ietorrelles\/wp-content\/uploads\/usu2293\/2024\/06\/20240621_103342-compressed-300x225.jpg 300w, https:\/\/agora.xtec.cat\/ietorrelles\/wp-content\/uploads\/usu2293\/2024\/06\/20240621_103342-compressed-1024x768.jpg 1024w, https:\/\/agora.xtec.cat\/ietorrelles\/wp-content\/uploads\/usu2293\/2024\/06\/20240621_103342-compressed-768x576.jpg 768w, https:\/\/agora.xtec.cat\/ietorrelles\/wp-content\/uploads\/usu2293\/2024\/06\/20240621_103342-compressed-1536x1152.jpg 1536w, https:\/\/agora.xtec.cat\/ietorrelles\/wp-content\/uploads\/usu2293\/2024\/06\/20240621_103342-compressed-2048x1536.jpg 2048w, https:\/\/agora.xtec.cat\/ietorrelles\/wp-content\/uploads\/usu2293\/2024\/06\/20240621_103342-compressed-200x150.jpg 200w\" sizes=\"auto, (max-width: 2560px) 100vw, 2560px\" \/><\/a><\/p>\n","protected":false},"excerpt":{"rendered":"<p>El passat 21 de juny, l&#8217;Institut Escola Torrelles va celebrar el comiat de l&#8217;alumnat de 4t d&#8217;ESO i el comiat de curs amb una jornada plena d&#8217;activitats i emocions al Camp d&#8217;Esports de Torrelles.<br \/>\nLa jornada va estar marcada per diferents jocs i din\u00e0miques que van&hellip;  <a href=\"https:\/\/agora.xtec.cat\/ietorrelles\/eso-2\/comiat-de-lalumnat-de-4t-deso-a-linstitut-escola-torrelles\/\" title=\"Read Comiat de l&#8217;alumnat de 4t d&#8217;ESO a l&#8217;Institut Escola Torrelles\">Llegeix m\u00e9s\u00bb<\/a><\/p>\n","protected":false},"author":68,"featured_media":2826,"comment_status":"open","ping_status":"closed","sticky":false,"template":"","format":"standard","meta":{"_bbp_topic_count":0,"_bbp_reply_count":0,"_bbp_total_topic_count":0,"_bbp_total_reply_count":0,"_bbp_voice_count":0,"_bbp_anonymous_reply_count":0,"_bbp_topic_count_hidden":0,"_bbp_reply_count_hidden":0,"_bbp_forum_subforum_count":0,"footnotes":""},"categories":[10,11,12,13,14,15,1,9,2,5],"tags":[],"class_list":["post-2825","post","type-post","status-publish","format-standard","has-post-thumbnail","hentry","category-1r","category-2n","category-3r","category-4t","category-5e","category-6e","category-eso-2","category-i5","category-infantil","category-primaria"],"post_mailing_queue_ids":[],"_links":{"self":[{"href":"https:\/\/agora.xtec.cat\/ietorrelles\/wp-json\/wp\/v2\/posts\/2825","targetHints":{"allow":["GET"]}}],"collection":[{"href":"https:\/\/agora.xtec.cat\/ietorrelles\/wp-json\/wp\/v2\/posts"}],"about":[{"href":"https:\/\/agora.xtec.cat\/ietorrelles\/wp-json\/wp\/v2\/types\/post"}],"author":[{"embeddable":true,"href":"https:\/\/agora.xtec.cat\/ietorrelles\/wp-json\/wp\/v2\/users\/68"}],"replies":[{"embeddable":true,"href":"https:\/\/agora.xtec.cat\/ietorrelles\/wp-json\/wp\/v2\/comments?post=2825"}],"version-history":[{"count":1,"href":"https:\/\/agora.xtec.cat\/ietorrelles\/wp-json\/wp\/v2\/posts\/2825\/revisions"}],"predecessor-version":[{"id":2827,"href":"https:\/\/agora.xtec.cat\/ietorrelles\/wp-json\/wp\/v2\/posts\/2825\/revisions\/2827"}],"wp:featuredmedia":[{"embeddable":true,"href":"https:\/\/agora.xtec.cat\/ietorrelles\/wp-json\/wp\/v2\/media\/2826"}],"wp:attachment":[{"href":"https:\/\/agora.xtec.cat\/ietorrelles\/wp-json\/wp\/v2\/media?parent=2825"}],"wp:term":[{"taxonomy":"category","embeddable":true,"href":"https:\/\/agora.xtec.cat\/ietorrelles\/wp-json\/wp\/v2\/categories?post=2825"},{"taxonomy":"post_tag","embeddable":true,"href":"https:\/\/agora.xtec.cat\/ietorrelles\/wp-json\/wp\/v2\/tags?post=2825"}],"curies":[{"name":"wp","href":"https:\/\/api.w.org\/{rel}","templated":true}]}}