{"id":2818,"date":"2024-06-20T18:48:54","date_gmt":"2024-06-20T16:48:54","guid":{"rendered":"https:\/\/agora.xtec.cat\/ietorrelles\/?p=2818"},"modified":"2024-06-27T10:57:07","modified_gmt":"2024-06-27T08:57:07","slug":"comiat-emotiu-de-lalumnat-de-6e-de-primaria","status":"publish","type":"post","link":"https:\/\/agora.xtec.cat\/ietorrelles\/eso-2\/primaria\/comiat-emotiu-de-lalumnat-de-6e-de-primaria\/","title":{"rendered":"Comiat emotiu de l&#8217;alumnat de 6\u00e8 de prim\u00e0ria"},"content":{"rendered":"<p>El dijous 20, l&#8217;Institut Escola Torrelles va viure un comiat emotiu dels alumnes de 6\u00e8 de prim\u00e0ria, un esdeveniment que va reunir les fam\u00edlies, l&#8217;equip docent i els mateixos estudiants per celebrar el tancament d&#8217;una etapa molt especial. L&#8217;acte va comen\u00e7ar amb la benvinguda a les fam\u00edlies<span class=\"hiddenGrammarError\">\u00a0,<\/span>\u00a0que van omplir la sala d&#8217;alegria i emoci\u00f3, preparats per compartir aquest moment tan significatiu amb els seus fills.<br \/>\nDurant la cerim\u00f2nia, cada nen i nena va tenir l&#8217;oportunitat de parlar i compartir alguna an\u00e8cdota viscuda al llarg dels anys d&#8217;educaci\u00f3 infantil i prim\u00e0ria. A m\u00e9s, els assistents van poder gaudir d&#8217;un petit v\u00eddeo que recollia imatges i moments destacats de les dues etapes educatives, des de les primeres activitats a l&#8217;educaci\u00f3 infantil fins als darrers projectes a la prim\u00e0ria.<br \/>\nL&#8217;acte va concloure amb unes paraules de comiat per part dels docents, agraint a les fam\u00edlies el seu suport constant i desitjant als alumnes molta sort en la seva nova etapa educativa. Sens dubte, va ser una tarda plena de sentiments i records que quedar\u00e0 gravada en la mem\u00f2ria de tots els presents.<\/p>\n<p><a href=\"https:\/\/agora.xtec.cat\/ietorrelles\/wp-content\/uploads\/usu2293\/2024\/06\/WhatsApp-Image-2024-06-27-at-10.45.27-AM-1.jpeg\"><img loading=\"lazy\" decoding=\"async\" class=\"alignnone size-full wp-image-2819\" src=\"https:\/\/agora.xtec.cat\/ietorrelles\/wp-content\/uploads\/usu2293\/2024\/06\/WhatsApp-Image-2024-06-27-at-10.45.27-AM-1.jpeg\" alt=\"\" width=\"1200\" height=\"1600\" srcset=\"https:\/\/agora.xtec.cat\/ietorrelles\/wp-content\/uploads\/usu2293\/2024\/06\/WhatsApp-Image-2024-06-27-at-10.45.27-AM-1.jpeg 1200w, https:\/\/agora.xtec.cat\/ietorrelles\/wp-content\/uploads\/usu2293\/2024\/06\/WhatsApp-Image-2024-06-27-at-10.45.27-AM-1-225x300.jpeg 225w, https:\/\/agora.xtec.cat\/ietorrelles\/wp-content\/uploads\/usu2293\/2024\/06\/WhatsApp-Image-2024-06-27-at-10.45.27-AM-1-768x1024.jpeg 768w, https:\/\/agora.xtec.cat\/ietorrelles\/wp-content\/uploads\/usu2293\/2024\/06\/WhatsApp-Image-2024-06-27-at-10.45.27-AM-1-1152x1536.jpeg 1152w\" sizes=\"auto, (max-width: 1200px) 100vw, 1200px\" \/><\/a> <a href=\"https:\/\/agora.xtec.cat\/ietorrelles\/wp-content\/uploads\/usu2293\/2024\/06\/WhatsApp-Image-2024-06-27-at-10.45.27-AM.jpeg\"><img loading=\"lazy\" decoding=\"async\" class=\"alignnone size-full wp-image-2820\" src=\"https:\/\/agora.xtec.cat\/ietorrelles\/wp-content\/uploads\/usu2293\/2024\/06\/WhatsApp-Image-2024-06-27-at-10.45.27-AM.jpeg\" alt=\"\" width=\"1200\" height=\"1600\" srcset=\"https:\/\/agora.xtec.cat\/ietorrelles\/wp-content\/uploads\/usu2293\/2024\/06\/WhatsApp-Image-2024-06-27-at-10.45.27-AM.jpeg 1200w, https:\/\/agora.xtec.cat\/ietorrelles\/wp-content\/uploads\/usu2293\/2024\/06\/WhatsApp-Image-2024-06-27-at-10.45.27-AM-225x300.jpeg 225w, https:\/\/agora.xtec.cat\/ietorrelles\/wp-content\/uploads\/usu2293\/2024\/06\/WhatsApp-Image-2024-06-27-at-10.45.27-AM-768x1024.jpeg 768w, https:\/\/agora.xtec.cat\/ietorrelles\/wp-content\/uploads\/usu2293\/2024\/06\/WhatsApp-Image-2024-06-27-at-10.45.27-AM-1152x1536.jpeg 1152w\" sizes=\"auto, (max-width: 1200px) 100vw, 1200px\" \/><\/a><\/p>\n<p>&nbsp;<\/p>\n<p>&nbsp;<\/p>\n","protected":false},"excerpt":{"rendered":"<p>El dijous 20, l&#8217;Institut Escola Torrelles va viure un comiat emotiu dels alumnes de 6\u00e8 de prim\u00e0ria, un esdeveniment que va reunir les fam\u00edlies, l&#8217;equip docent i els mateixos estudiants per celebrar el tancament d&#8217;una etapa molt especial. L&#8217;acte va comen\u00e7ar amb la benvinguda a&hellip;  <a href=\"https:\/\/agora.xtec.cat\/ietorrelles\/eso-2\/primaria\/comiat-emotiu-de-lalumnat-de-6e-de-primaria\/\" title=\"Read Comiat emotiu de l&#8217;alumnat de 6\u00e8 de prim\u00e0ria\">Llegeix m\u00e9s\u00bb<\/a><\/p>\n","protected":false},"author":68,"featured_media":2820,"comment_status":"open","ping_status":"closed","sticky":false,"template":"","format":"standard","meta":{"_bbp_topic_count":0,"_bbp_reply_count":0,"_bbp_total_topic_count":0,"_bbp_total_reply_count":0,"_bbp_voice_count":0,"_bbp_anonymous_reply_count":0,"_bbp_topic_count_hidden":0,"_bbp_reply_count_hidden":0,"_bbp_forum_subforum_count":0,"footnotes":""},"categories":[15,5],"tags":[],"class_list":["post-2818","post","type-post","status-publish","format-standard","has-post-thumbnail","hentry","category-6e","category-primaria"],"post_mailing_queue_ids":[],"_links":{"self":[{"href":"https:\/\/agora.xtec.cat\/ietorrelles\/wp-json\/wp\/v2\/posts\/2818","targetHints":{"allow":["GET"]}}],"collection":[{"href":"https:\/\/agora.xtec.cat\/ietorrelles\/wp-json\/wp\/v2\/posts"}],"about":[{"href":"https:\/\/agora.xtec.cat\/ietorrelles\/wp-json\/wp\/v2\/types\/post"}],"author":[{"embeddable":true,"href":"https:\/\/agora.xtec.cat\/ietorrelles\/wp-json\/wp\/v2\/users\/68"}],"replies":[{"embeddable":true,"href":"https:\/\/agora.xtec.cat\/ietorrelles\/wp-json\/wp\/v2\/comments?post=2818"}],"version-history":[{"count":2,"href":"https:\/\/agora.xtec.cat\/ietorrelles\/wp-json\/wp\/v2\/posts\/2818\/revisions"}],"predecessor-version":[{"id":2824,"href":"https:\/\/agora.xtec.cat\/ietorrelles\/wp-json\/wp\/v2\/posts\/2818\/revisions\/2824"}],"wp:featuredmedia":[{"embeddable":true,"href":"https:\/\/agora.xtec.cat\/ietorrelles\/wp-json\/wp\/v2\/media\/2820"}],"wp:attachment":[{"href":"https:\/\/agora.xtec.cat\/ietorrelles\/wp-json\/wp\/v2\/media?parent=2818"}],"wp:term":[{"taxonomy":"category","embeddable":true,"href":"https:\/\/agora.xtec.cat\/ietorrelles\/wp-json\/wp\/v2\/categories?post=2818"},{"taxonomy":"post_tag","embeddable":true,"href":"https:\/\/agora.xtec.cat\/ietorrelles\/wp-json\/wp\/v2\/tags?post=2818"}],"curies":[{"name":"wp","href":"https:\/\/api.w.org\/{rel}","templated":true}]}}