{"id":2815,"date":"2024-06-27T10:47:45","date_gmt":"2024-06-27T08:47:45","guid":{"rendered":"https:\/\/agora.xtec.cat\/ietorrelles\/?p=2815"},"modified":"2024-11-25T11:24:35","modified_gmt":"2024-11-25T10:24:35","slug":"formacio-en-cooperacio-i-solidaritat","status":"publish","type":"post","link":"https:\/\/agora.xtec.cat\/ietorrelles\/eso-2\/formacio-en-cooperacio-i-solidaritat\/","title":{"rendered":"Formaci\u00f3 en cooperaci\u00f3 i solidaritat"},"content":{"rendered":"<p>Ahir, les docents de l&#8217;Institut Escola Torrelles que faran acci\u00f3 en territori gambi\u00e0 van participar en la segona sessi\u00f3 formativa en cooperaci\u00f3, facilitada pel Pau i la Sheila de l&#8217;AMB. La xerrada de cooperaci\u00f3 i solidaritat\u00a0 es va centrar en la import\u00e0ncia de treballar conjuntament i ajudar-se m\u00fatuament, amb l&#8217;objectiu espec\u00edfic de preparar-les per a una acci\u00f3 a territori a Tujereng, G\u00e0mbia. En aquesta sessi\u00f3 es va presentar el context dels problemes socials i educatius de la regi\u00f3, es van definir conceptes clau com just\u00edcia social i equitat, i es van mostrar casos d&#8217;\u00e8xit on la solidaritat ha marcat una difer\u00e8ncia positiva.\u00a0Durant la xerrada, es va proporcionar un espai per al debat i la discussi\u00f3, permetent a les docents intercanviar idees i resoldre dubtes mitjan\u00e7ant una sessi\u00f3 de preguntes i respostes. La sessi\u00f3 va concloure amb un resum dels punts principals i una crida a l&#8217;acci\u00f3, animant les participants a implicar-se activament en les iniciatives de cooperaci\u00f3 i solidaritat a Tujereng. Si voleu saber m\u00e9s&#8230; podeu seguir el canal d&#8217;Instagram on anirem publicant m\u00e9s informaci\u00f3! <span class=\"hiddenSpellError\">Abaraka<\/span><\/p>\n<p><a href=\"https:\/\/agora.xtec.cat\/ietorrelles\/wp-content\/uploads\/usu2293\/2024\/06\/WhatsApp-Image-2024-06-27-at-10.46.17-AM.jpeg\"><img loading=\"lazy\" decoding=\"async\" class=\"alignnone size-full wp-image-2816\" src=\"https:\/\/agora.xtec.cat\/ietorrelles\/wp-content\/uploads\/usu2293\/2024\/06\/WhatsApp-Image-2024-06-27-at-10.46.17-AM.jpeg\" alt=\"\" width=\"1440\" height=\"1080\" srcset=\"https:\/\/agora.xtec.cat\/ietorrelles\/wp-content\/uploads\/usu2293\/2024\/06\/WhatsApp-Image-2024-06-27-at-10.46.17-AM.jpeg 1440w, https:\/\/agora.xtec.cat\/ietorrelles\/wp-content\/uploads\/usu2293\/2024\/06\/WhatsApp-Image-2024-06-27-at-10.46.17-AM-300x225.jpeg 300w, https:\/\/agora.xtec.cat\/ietorrelles\/wp-content\/uploads\/usu2293\/2024\/06\/WhatsApp-Image-2024-06-27-at-10.46.17-AM-1024x768.jpeg 1024w, https:\/\/agora.xtec.cat\/ietorrelles\/wp-content\/uploads\/usu2293\/2024\/06\/WhatsApp-Image-2024-06-27-at-10.46.17-AM-768x576.jpeg 768w, https:\/\/agora.xtec.cat\/ietorrelles\/wp-content\/uploads\/usu2293\/2024\/06\/WhatsApp-Image-2024-06-27-at-10.46.17-AM-200x150.jpeg 200w\" sizes=\"auto, (max-width: 1440px) 100vw, 1440px\" \/><\/a><\/p>\n","protected":false},"excerpt":{"rendered":"<p>Ahir, les docents de l&#8217;Institut Escola Torrelles que faran acci\u00f3 en territori gambi\u00e0 van participar en la segona sessi\u00f3 formativa en cooperaci\u00f3, facilitada pel Pau i la Sheila de l&#8217;AMB. La xerrada de cooperaci\u00f3 i solidaritat\u00a0 es va centrar en la import\u00e0ncia de treballar conjuntament&hellip;  <a href=\"https:\/\/agora.xtec.cat\/ietorrelles\/eso-2\/formacio-en-cooperacio-i-solidaritat\/\" title=\"Read Formaci\u00f3 en cooperaci\u00f3 i solidaritat\">Llegeix m\u00e9s\u00bb<\/a><\/p>\n","protected":false},"author":68,"featured_media":2816,"comment_status":"open","ping_status":"closed","sticky":false,"template":"","format":"standard","meta":{"_bbp_topic_count":0,"_bbp_reply_count":0,"_bbp_total_topic_count":0,"_bbp_total_reply_count":0,"_bbp_voice_count":0,"_bbp_anonymous_reply_count":0,"_bbp_topic_count_hidden":0,"_bbp_reply_count_hidden":0,"_bbp_forum_subforum_count":0,"footnotes":""},"categories":[10,11,12,13,14,15,1,9,2,5],"tags":[],"class_list":["post-2815","post","type-post","status-publish","format-standard","has-post-thumbnail","hentry","category-1r","category-2n","category-3r","category-4t","category-5e","category-6e","category-eso-2","category-i5","category-infantil","category-primaria"],"post_mailing_queue_ids":[],"_links":{"self":[{"href":"https:\/\/agora.xtec.cat\/ietorrelles\/wp-json\/wp\/v2\/posts\/2815","targetHints":{"allow":["GET"]}}],"collection":[{"href":"https:\/\/agora.xtec.cat\/ietorrelles\/wp-json\/wp\/v2\/posts"}],"about":[{"href":"https:\/\/agora.xtec.cat\/ietorrelles\/wp-json\/wp\/v2\/types\/post"}],"author":[{"embeddable":true,"href":"https:\/\/agora.xtec.cat\/ietorrelles\/wp-json\/wp\/v2\/users\/68"}],"replies":[{"embeddable":true,"href":"https:\/\/agora.xtec.cat\/ietorrelles\/wp-json\/wp\/v2\/comments?post=2815"}],"version-history":[{"count":1,"href":"https:\/\/agora.xtec.cat\/ietorrelles\/wp-json\/wp\/v2\/posts\/2815\/revisions"}],"predecessor-version":[{"id":2817,"href":"https:\/\/agora.xtec.cat\/ietorrelles\/wp-json\/wp\/v2\/posts\/2815\/revisions\/2817"}],"wp:featuredmedia":[{"embeddable":true,"href":"https:\/\/agora.xtec.cat\/ietorrelles\/wp-json\/wp\/v2\/media\/2816"}],"wp:attachment":[{"href":"https:\/\/agora.xtec.cat\/ietorrelles\/wp-json\/wp\/v2\/media?parent=2815"}],"wp:term":[{"taxonomy":"category","embeddable":true,"href":"https:\/\/agora.xtec.cat\/ietorrelles\/wp-json\/wp\/v2\/categories?post=2815"},{"taxonomy":"post_tag","embeddable":true,"href":"https:\/\/agora.xtec.cat\/ietorrelles\/wp-json\/wp\/v2\/tags?post=2815"}],"curies":[{"name":"wp","href":"https:\/\/api.w.org\/{rel}","templated":true}]}}